
{"id":10015,"date":"2023-11-09T14:47:09","date_gmt":"2023-11-09T13:47:09","guid":{"rendered":"https:\/\/przedszkole18.edu.wroclaw.pl\/?p=10015"},"modified":"2023-11-09T14:47:09","modified_gmt":"2023-11-09T13:47:09","slug":"uroczystosc-z-okazji-swieta-niepodleglosci","status":"publish","type":"post","link":"https:\/\/przedszkole18.edu.wroclaw.pl\/index.php\/2023\/11\/09\/uroczystosc-z-okazji-swieta-niepodleglosci\/","title":{"rendered":"Uroczysto\u015b\u0107 z okazji \u015awi\u0119ta Niepodleg\u0142o\u015bci"},"content":{"rendered":"<p><span style=\"font-size: 14pt;color: #000080\">Szanowni Pa\u0144stwo w dniu jutrzejszym uroczysto\u015b\u0107 z okazji Narodowego \u015awi\u0119ta Niepodleg\u0142o\u015bci.\u00a0 Aby podkre\u015bli\u0107 wa\u017cno\u015b\u0107 tego dnia,\u00a0 bardzo prosimy o stroje galowe dla wszystkich wychowank\u00f3w. Program artystyczny zaprezentuj\u0105 dzieci z grup starszych, na kt\u00f3ry zapraszamy ca\u0142\u0105 przedszkoln\u0105 spo\u0142eczno\u015b\u0107. Wsp\u00f3lne od\u015bpiewanie hymnu zako\u0144czy uroczyste\u00a0 spotkanie.\u00a0 <span style=\"color: #ff0000\">\u017byczy Pa\u0144stwu udanego, rodzinnego\u00a0 \u015bwi\u0119towania 11 listopada. <\/span><br \/>\n<\/span><\/p>\n","protected":false},"excerpt":{"rendered":"<p>Szanowni Pa\u0144stwo w dniu jutrzejszym uroczysto\u015b\u0107 z okazji Narodowego \u015awi\u0119ta Niepodleg\u0142o\u015bci.\u00a0 Aby podkre\u015bli\u0107 wa\u017cno\u015b\u0107 tego dnia,\u00a0 bardzo prosimy o stroje galowe dla wszystkich wychowank\u00f3w. Program artystyczny zaprezentuj\u0105 dzieci z grup [&hellip;]<\/p>\n","protected":false},"author":115,"featured_media":7688,"comment_status":"closed","ping_status":"closed","sticky":false,"template":"","format":"standard","meta":{"ngg_post_thumbnail":0,"footnotes":""},"categories":[3],"tags":[],"class_list":["post-10015","post","type-post","status-publish","format-standard","has-post-thumbnail","hentry","category-aktualnosci","clearfix"],"_links":{"self":[{"href":"https:\/\/przedszkole18.edu.wroclaw.pl\/index.php\/wp-json\/wp\/v2\/posts\/10015","targetHints":{"allow":["GET"]}}],"collection":[{"href":"https:\/\/przedszkole18.edu.wroclaw.pl\/index.php\/wp-json\/wp\/v2\/posts"}],"about":[{"href":"https:\/\/przedszkole18.edu.wroclaw.pl\/index.php\/wp-json\/wp\/v2\/types\/post"}],"author":[{"embeddable":true,"href":"https:\/\/przedszkole18.edu.wroclaw.pl\/index.php\/wp-json\/wp\/v2\/users\/115"}],"replies":[{"embeddable":true,"href":"https:\/\/przedszkole18.edu.wroclaw.pl\/index.php\/wp-json\/wp\/v2\/comments?post=10015"}],"version-history":[{"count":1,"href":"https:\/\/przedszkole18.edu.wroclaw.pl\/index.php\/wp-json\/wp\/v2\/posts\/10015\/revisions"}],"predecessor-version":[{"id":10041,"href":"https:\/\/przedszkole18.edu.wroclaw.pl\/index.php\/wp-json\/wp\/v2\/posts\/10015\/revisions\/10041"}],"wp:featuredmedia":[{"embeddable":true,"href":"https:\/\/przedszkole18.edu.wroclaw.pl\/index.php\/wp-json\/wp\/v2\/media\/7688"}],"wp:attachment":[{"href":"https:\/\/przedszkole18.edu.wroclaw.pl\/index.php\/wp-json\/wp\/v2\/media?parent=10015"}],"wp:term":[{"taxonomy":"category","embeddable":true,"href":"https:\/\/przedszkole18.edu.wroclaw.pl\/index.php\/wp-json\/wp\/v2\/categories?post=10015"},{"taxonomy":"post_tag","embeddable":true,"href":"https:\/\/przedszkole18.edu.wroclaw.pl\/index.php\/wp-json\/wp\/v2\/tags?post=10015"}],"curies":[{"name":"wp","href":"https:\/\/api.w.org\/{rel}","templated":true}]}}