
{"id":10028,"date":"2023-11-09T10:28:24","date_gmt":"2023-11-09T09:28:24","guid":{"rendered":"https:\/\/przedszkole18.edu.wroclaw.pl\/?p=10028"},"modified":"2023-11-09T10:28:24","modified_gmt":"2023-11-09T09:28:24","slug":"sukces-naszych-przedszkolakow","status":"publish","type":"post","link":"https:\/\/przedszkole18.edu.wroclaw.pl\/index.php\/2023\/11\/09\/sukces-naszych-przedszkolakow\/","title":{"rendered":"Sukces naszych przedszkolak\u00f3w"},"content":{"rendered":"<p><span style=\"color: #008000\"><strong><span style=\"font-size: 14pt\">Szanowni Pa\u0144stwo<\/span><\/strong><\/span><\/p>\n<p><span style=\"color: #008000\"><strong><span style=\"font-size: 14pt\">W wojew\u00f3dzkim konkursie plastycznym &#8222;Le\u015bna spi\u017carnia&#8221; organizowanym przez Lig\u0119 Ochrony Przyrody\u00a0 trzy dziewczynki z naszego przedszkola otrzyma\u0142y wyr\u00f3\u017cnienie. Dyplomy i upominki odebra\u0142y 8 listopada na Sejmiku Ekologicznym organizowanym przez LOP.<\/span><\/strong><\/span><\/p>\n<p>&nbsp;<\/p>\n<p><a href=\"https:\/\/przedszkole18.edu.wroclaw.pl\/wp-content\/uploads\/sites\/36\/2023\/11\/IMG-20231108-WA0011.jpg\"><img loading=\"lazy\" decoding=\"async\" class=\"alignnone wp-image-10027 size-medium\" src=\"https:\/\/przedszkole18.edu.wroclaw.pl\/wp-content\/uploads\/sites\/36\/2023\/11\/IMG-20231108-WA0011-225x300.jpg\" alt=\"\" width=\"225\" height=\"300\" \/><\/a><a href=\"https:\/\/przedszkole18.edu.wroclaw.pl\/wp-content\/uploads\/sites\/36\/2023\/11\/IMG-20231108-WA0010.jpg\"><img loading=\"lazy\" decoding=\"async\" class=\"alignnone wp-image-10026 size-medium\" src=\"https:\/\/przedszkole18.edu.wroclaw.pl\/wp-content\/uploads\/sites\/36\/2023\/11\/IMG-20231108-WA0010-225x300.jpg\" alt=\"\" width=\"225\" height=\"300\" \/><\/a><\/p>\n<p>&nbsp;<\/p>\n<p><strong><span style=\"color: #008000;font-size: 14pt\">Dorota Margan &#8211; Koordynator LOP na terenie plac\u00f3wki <\/span><\/strong><\/p>\n","protected":false},"excerpt":{"rendered":"<p>Szanowni Pa\u0144stwo W wojew\u00f3dzkim konkursie plastycznym &#8222;Le\u015bna spi\u017carnia&#8221; organizowanym przez Lig\u0119 Ochrony Przyrody\u00a0 trzy dziewczynki z naszego przedszkola otrzyma\u0142y wyr\u00f3\u017cnienie. Dyplomy i upominki odebra\u0142y 8 listopada na Sejmiku Ekologicznym organizowanym [&hellip;]<\/p>\n","protected":false},"author":108,"featured_media":0,"comment_status":"closed","ping_status":"closed","sticky":false,"template":"","format":"standard","meta":{"ngg_post_thumbnail":0,"footnotes":""},"categories":[3],"tags":[],"class_list":["post-10028","post","type-post","status-publish","format-standard","hentry","category-aktualnosci","clearfix"],"_links":{"self":[{"href":"https:\/\/przedszkole18.edu.wroclaw.pl\/index.php\/wp-json\/wp\/v2\/posts\/10028","targetHints":{"allow":["GET"]}}],"collection":[{"href":"https:\/\/przedszkole18.edu.wroclaw.pl\/index.php\/wp-json\/wp\/v2\/posts"}],"about":[{"href":"https:\/\/przedszkole18.edu.wroclaw.pl\/index.php\/wp-json\/wp\/v2\/types\/post"}],"author":[{"embeddable":true,"href":"https:\/\/przedszkole18.edu.wroclaw.pl\/index.php\/wp-json\/wp\/v2\/users\/108"}],"replies":[{"embeddable":true,"href":"https:\/\/przedszkole18.edu.wroclaw.pl\/index.php\/wp-json\/wp\/v2\/comments?post=10028"}],"version-history":[{"count":1,"href":"https:\/\/przedszkole18.edu.wroclaw.pl\/index.php\/wp-json\/wp\/v2\/posts\/10028\/revisions"}],"predecessor-version":[{"id":10029,"href":"https:\/\/przedszkole18.edu.wroclaw.pl\/index.php\/wp-json\/wp\/v2\/posts\/10028\/revisions\/10029"}],"wp:attachment":[{"href":"https:\/\/przedszkole18.edu.wroclaw.pl\/index.php\/wp-json\/wp\/v2\/media?parent=10028"}],"wp:term":[{"taxonomy":"category","embeddable":true,"href":"https:\/\/przedszkole18.edu.wroclaw.pl\/index.php\/wp-json\/wp\/v2\/categories?post=10028"},{"taxonomy":"post_tag","embeddable":true,"href":"https:\/\/przedszkole18.edu.wroclaw.pl\/index.php\/wp-json\/wp\/v2\/tags?post=10028"}],"curies":[{"name":"wp","href":"https:\/\/api.w.org\/{rel}","templated":true}]}}