
{"id":10075,"date":"2023-11-12T09:39:20","date_gmt":"2023-11-12T08:39:20","guid":{"rendered":"https:\/\/przedszkole18.edu.wroclaw.pl\/?p=10075"},"modified":"2023-11-12T09:39:20","modified_gmt":"2023-11-12T08:39:20","slug":"konkurs-mis-z-pudelka","status":"publish","type":"post","link":"https:\/\/przedszkole18.edu.wroclaw.pl\/index.php\/2023\/11\/12\/konkurs-mis-z-pudelka\/","title":{"rendered":"KONKURS: &#8221; MI\u015a Z PUDE\u0141KA&#8221;"},"content":{"rendered":"<p style=\"text-align: center\"><strong>REGULAMIN KONKURSU:<\/strong><\/p>\n<p style=\"text-align: center\"><strong>\u201e MI\u015a Z PUDE\u0141KA\u201d<\/strong><\/p>\n<p style=\"text-align: center\"><strong>\u00a0<\/strong><\/p>\n<ol>\n<li style=\"text-align: left\">Organizatorem konkursu jest Przedszkole nr 18 we Wroc\u0142awiu.<\/li>\n<\/ol>\n<p style=\"text-align: left\">\n<ol style=\"text-align: left\" start=\"2\">\n<li>Cele konkursu:<\/li>\n<\/ol>\n<ul style=\"text-align: left\">\n<li>zdobywanie do\u015bwiadczenia w zakresie tw\u00f3rczo\u015bci plastycznej;<\/li>\n<li>rozwijanie wyobra\u017ani i pomys\u0142owo\u015bci dzieci;<\/li>\n<li>umo\u017cliwienie dzieciom prezentacji w\u0142asnych dokona\u0144 tw\u00f3rczych;<\/li>\n<li>wsp\u00f3lnie z rodzicami sp\u0119dzi\u0107 czas na weso\u0142ej zabawie;<\/li>\n<\/ul>\n<p style=\"text-align: left\">\n<ol style=\"text-align: left\" start=\"3\">\n<li>Warunki uczestnictwa:<\/li>\n<\/ol>\n<ul style=\"text-align: left\">\n<li>uczestnicy konkursu: dzieci w wieku 3 \u2013 6 lat;<\/li>\n<li>technika: przestrzenna<\/li>\n<li>ka\u017cdy uczestnik mo\u017ce dostarczy\u0107 jedn\u0105 indywidualn\u0105 prac\u0119;<\/li>\n<li>do pracy nale\u017cy do\u0142\u0105czy\u0107 metryczk\u0119 zawieraj\u0105c\u0105 dane tj.: imi\u0119 i nazwisko autora, wiek, numer grupy.<\/li>\n<\/ul>\n<p style=\"text-align: left\">\n<ol style=\"text-align: left\" start=\"4\">\n<li>Kryterium oceny prac: Komisja Konkursowa dokona oceny prac bior\u0105c pod uwag\u0119 ich oryginalno\u015b\u0107, pomys\u0142owo\u015b\u0107 i estetyk\u0119 wykonania.<\/li>\n<\/ol>\n<p style=\"text-align: left\">\n<ol style=\"text-align: left\" start=\"5\">\n<li><strong>Termin sk\u0142adania prac: 24.11.2023<\/strong><\/li>\n<\/ol>\n<p style=\"text-align: left\">\n<ol style=\"text-align: left\" start=\"6\">\n<li><strong>Rozstrzygni\u0119cie konkursu: 27.11.2023<\/strong><\/li>\n<\/ol>\n<p style=\"text-align: left\"><strong>\u00a0<\/strong><\/p>\n<ol style=\"text-align: left\" start=\"7\">\n<li>Miejsce sk\u0142adania prac: weranda przedszkola<\/li>\n<\/ol>\n<p style=\"text-align: left\">\n<ol style=\"text-align: left\" start=\"8\">\n<li>Autorzy najlepszych prac otrzymaj\u0105 dyplomy.<\/li>\n<\/ol>\n<p style=\"text-align: left\">\n<ol style=\"text-align: left\" start=\"9\">\n<li>Prace po rozstrzygni\u0119ciu konkursu wracaj\u0105 do w\u0142a\u015bcicieli.<\/li>\n<li>Dodatkowe informacje mo\u017cna uzyska\u0107 u koordynatora konkursu: Katarzyny M\u0105czki<\/li>\n<\/ol>\n<p style=\"text-align: left\">\u00a0( Nauczyciel gr. IIIA).<\/p>\n<p><strong>WSZYSTKIM UCZESTNIKOM \u017bYCZYMY TW\u00d3RCZYCH POMYS\u0141\u00d3W ORAZ RADO\u015aCI Z TWORZENIA!<\/strong><\/p>\n","protected":false},"excerpt":{"rendered":"<p>REGULAMIN KONKURSU: \u201e MI\u015a Z PUDE\u0141KA\u201d \u00a0 Organizatorem konkursu jest Przedszkole nr 18 we Wroc\u0142awiu. Cele konkursu: zdobywanie do\u015bwiadczenia w zakresie tw\u00f3rczo\u015bci plastycznej; rozwijanie wyobra\u017ani i pomys\u0142owo\u015bci dzieci; umo\u017cliwienie dzieciom [&hellip;]<\/p>\n","protected":false},"author":112,"featured_media":10076,"comment_status":"closed","ping_status":"closed","sticky":false,"template":"","format":"standard","meta":{"ngg_post_thumbnail":0,"footnotes":""},"categories":[3],"tags":[],"class_list":["post-10075","post","type-post","status-publish","format-standard","has-post-thumbnail","hentry","category-aktualnosci","clearfix"],"_links":{"self":[{"href":"https:\/\/przedszkole18.edu.wroclaw.pl\/index.php\/wp-json\/wp\/v2\/posts\/10075","targetHints":{"allow":["GET"]}}],"collection":[{"href":"https:\/\/przedszkole18.edu.wroclaw.pl\/index.php\/wp-json\/wp\/v2\/posts"}],"about":[{"href":"https:\/\/przedszkole18.edu.wroclaw.pl\/index.php\/wp-json\/wp\/v2\/types\/post"}],"author":[{"embeddable":true,"href":"https:\/\/przedszkole18.edu.wroclaw.pl\/index.php\/wp-json\/wp\/v2\/users\/112"}],"replies":[{"embeddable":true,"href":"https:\/\/przedszkole18.edu.wroclaw.pl\/index.php\/wp-json\/wp\/v2\/comments?post=10075"}],"version-history":[{"count":2,"href":"https:\/\/przedszkole18.edu.wroclaw.pl\/index.php\/wp-json\/wp\/v2\/posts\/10075\/revisions"}],"predecessor-version":[{"id":10078,"href":"https:\/\/przedszkole18.edu.wroclaw.pl\/index.php\/wp-json\/wp\/v2\/posts\/10075\/revisions\/10078"}],"wp:featuredmedia":[{"embeddable":true,"href":"https:\/\/przedszkole18.edu.wroclaw.pl\/index.php\/wp-json\/wp\/v2\/media\/10076"}],"wp:attachment":[{"href":"https:\/\/przedszkole18.edu.wroclaw.pl\/index.php\/wp-json\/wp\/v2\/media?parent=10075"}],"wp:term":[{"taxonomy":"category","embeddable":true,"href":"https:\/\/przedszkole18.edu.wroclaw.pl\/index.php\/wp-json\/wp\/v2\/categories?post=10075"},{"taxonomy":"post_tag","embeddable":true,"href":"https:\/\/przedszkole18.edu.wroclaw.pl\/index.php\/wp-json\/wp\/v2\/tags?post=10075"}],"curies":[{"name":"wp","href":"https:\/\/api.w.org\/{rel}","templated":true}]}}