
{"id":10218,"date":"2023-11-27T20:58:32","date_gmt":"2023-11-27T19:58:32","guid":{"rendered":"https:\/\/przedszkole18.edu.wroclaw.pl\/?p=10218"},"modified":"2023-11-27T21:01:03","modified_gmt":"2023-11-27T20:01:03","slug":"koncert-jesienny-2","status":"publish","type":"post","link":"https:\/\/przedszkole18.edu.wroclaw.pl\/index.php\/2023\/11\/27\/koncert-jesienny-2\/","title":{"rendered":"Koncert Jesienny"},"content":{"rendered":"<p data-normal-size=\"14\">Drodzy Rodzice,<\/p>\n<p data-normal-size=\"14\">Serdecznie zapraszamy na <strong>&#8222;Koncert jesienny&#8221;<\/strong>, podczas kt\u00f3rego zaprezentuj\u0105 si\u0119 dzieci <strong>kontynuuj\u0105ce<\/strong> nauk\u0119 gry (tylko II. rok nauki) na instrumentach muzycznych (pianino, skrzypce, flet) w naszym przedszkolu.<\/p>\n<p data-normal-size=\"14\">Koncert odb\u0119dzie si\u0119 w <strong>czwartek, 30.11.2023 r<\/strong>., <strong>o godzinie 16:00, <\/strong>w sali grupy IV a.<\/p>\n","protected":false},"excerpt":{"rendered":"<p>Drodzy Rodzice, Serdecznie zapraszamy na &#8222;Koncert jesienny&#8221;, podczas kt\u00f3rego zaprezentuj\u0105 si\u0119 dzieci kontynuuj\u0105ce nauk\u0119 gry (tylko II. rok nauki) na instrumentach muzycznych (pianino, skrzypce, flet) w naszym przedszkolu. Koncert odb\u0119dzie [&hellip;]<\/p>\n","protected":false},"author":105,"featured_media":3730,"comment_status":"closed","ping_status":"closed","sticky":false,"template":"","format":"standard","meta":{"ngg_post_thumbnail":0,"footnotes":""},"categories":[3],"tags":[],"class_list":["post-10218","post","type-post","status-publish","format-standard","has-post-thumbnail","hentry","category-aktualnosci","clearfix"],"_links":{"self":[{"href":"https:\/\/przedszkole18.edu.wroclaw.pl\/index.php\/wp-json\/wp\/v2\/posts\/10218","targetHints":{"allow":["GET"]}}],"collection":[{"href":"https:\/\/przedszkole18.edu.wroclaw.pl\/index.php\/wp-json\/wp\/v2\/posts"}],"about":[{"href":"https:\/\/przedszkole18.edu.wroclaw.pl\/index.php\/wp-json\/wp\/v2\/types\/post"}],"author":[{"embeddable":true,"href":"https:\/\/przedszkole18.edu.wroclaw.pl\/index.php\/wp-json\/wp\/v2\/users\/105"}],"replies":[{"embeddable":true,"href":"https:\/\/przedszkole18.edu.wroclaw.pl\/index.php\/wp-json\/wp\/v2\/comments?post=10218"}],"version-history":[{"count":1,"href":"https:\/\/przedszkole18.edu.wroclaw.pl\/index.php\/wp-json\/wp\/v2\/posts\/10218\/revisions"}],"predecessor-version":[{"id":10219,"href":"https:\/\/przedszkole18.edu.wroclaw.pl\/index.php\/wp-json\/wp\/v2\/posts\/10218\/revisions\/10219"}],"wp:featuredmedia":[{"embeddable":true,"href":"https:\/\/przedszkole18.edu.wroclaw.pl\/index.php\/wp-json\/wp\/v2\/media\/3730"}],"wp:attachment":[{"href":"https:\/\/przedszkole18.edu.wroclaw.pl\/index.php\/wp-json\/wp\/v2\/media?parent=10218"}],"wp:term":[{"taxonomy":"category","embeddable":true,"href":"https:\/\/przedszkole18.edu.wroclaw.pl\/index.php\/wp-json\/wp\/v2\/categories?post=10218"},{"taxonomy":"post_tag","embeddable":true,"href":"https:\/\/przedszkole18.edu.wroclaw.pl\/index.php\/wp-json\/wp\/v2\/tags?post=10218"}],"curies":[{"name":"wp","href":"https:\/\/api.w.org\/{rel}","templated":true}]}}