
{"id":10270,"date":"2023-12-04T16:12:56","date_gmt":"2023-12-04T15:12:56","guid":{"rendered":"https:\/\/przedszkole18.edu.wroclaw.pl\/?p=10270"},"modified":"2023-12-04T16:13:22","modified_gmt":"2023-12-04T15:13:22","slug":"wizyta-sw-mikolaja","status":"publish","type":"post","link":"https:\/\/przedszkole18.edu.wroclaw.pl\/index.php\/2023\/12\/04\/wizyta-sw-mikolaja\/","title":{"rendered":"Wizyta \u015aw. Miko\u0142aja"},"content":{"rendered":"<p><span style=\"color: #003366\"><strong><em>Drogie dzieci!<\/em><\/strong><\/span><\/p>\n<p><span style=\"color: #003366\"><strong><em>W \u015brod\u0119 <span style=\"color: #ff0000\">6 grudnia o godzinie 9.00\u00a0<\/span> do przedszkola zawita, d\u0142ugo oczekiwany go\u015b\u0107,\u00a0 <span style=\"color: #ff0000\">\u015aw. Miko\u0142aj<\/span>. Obieca\u0142 przywie\u017a\u0107 prezenty dla wszystkich przedszkolak\u00f3w z &#8222;Wiolinka&#8221;. \u00a0 Zaprasza tak\u017ce,\u00a0 do zrobienia pami\u0105tkowego zdj\u0119cia, na kt\u00f3rym b\u0119dzie razem z Wami. Zapraszamy na spotkanie z naszym go\u015bciem. Do zobaczenia.\u00a0<\/em> <\/strong><\/span><\/p>\n","protected":false},"excerpt":{"rendered":"<p>Drogie dzieci! W \u015brod\u0119 6 grudnia o godzinie 9.00\u00a0 do przedszkola zawita, d\u0142ugo oczekiwany go\u015b\u0107,\u00a0 \u015aw. Miko\u0142aj. Obieca\u0142 przywie\u017a\u0107 prezenty dla wszystkich przedszkolak\u00f3w z &#8222;Wiolinka&#8221;. \u00a0 Zaprasza tak\u017ce,\u00a0 do zrobienia [&hellip;]<\/p>\n","protected":false},"author":115,"featured_media":8039,"comment_status":"closed","ping_status":"closed","sticky":false,"template":"","format":"standard","meta":{"ngg_post_thumbnail":0,"footnotes":""},"categories":[3],"tags":[],"class_list":["post-10270","post","type-post","status-publish","format-standard","has-post-thumbnail","hentry","category-aktualnosci","clearfix"],"_links":{"self":[{"href":"https:\/\/przedszkole18.edu.wroclaw.pl\/index.php\/wp-json\/wp\/v2\/posts\/10270","targetHints":{"allow":["GET"]}}],"collection":[{"href":"https:\/\/przedszkole18.edu.wroclaw.pl\/index.php\/wp-json\/wp\/v2\/posts"}],"about":[{"href":"https:\/\/przedszkole18.edu.wroclaw.pl\/index.php\/wp-json\/wp\/v2\/types\/post"}],"author":[{"embeddable":true,"href":"https:\/\/przedszkole18.edu.wroclaw.pl\/index.php\/wp-json\/wp\/v2\/users\/115"}],"replies":[{"embeddable":true,"href":"https:\/\/przedszkole18.edu.wroclaw.pl\/index.php\/wp-json\/wp\/v2\/comments?post=10270"}],"version-history":[{"count":2,"href":"https:\/\/przedszkole18.edu.wroclaw.pl\/index.php\/wp-json\/wp\/v2\/posts\/10270\/revisions"}],"predecessor-version":[{"id":10272,"href":"https:\/\/przedszkole18.edu.wroclaw.pl\/index.php\/wp-json\/wp\/v2\/posts\/10270\/revisions\/10272"}],"wp:featuredmedia":[{"embeddable":true,"href":"https:\/\/przedszkole18.edu.wroclaw.pl\/index.php\/wp-json\/wp\/v2\/media\/8039"}],"wp:attachment":[{"href":"https:\/\/przedszkole18.edu.wroclaw.pl\/index.php\/wp-json\/wp\/v2\/media?parent=10270"}],"wp:term":[{"taxonomy":"category","embeddable":true,"href":"https:\/\/przedszkole18.edu.wroclaw.pl\/index.php\/wp-json\/wp\/v2\/categories?post=10270"},{"taxonomy":"post_tag","embeddable":true,"href":"https:\/\/przedszkole18.edu.wroclaw.pl\/index.php\/wp-json\/wp\/v2\/tags?post=10270"}],"curies":[{"name":"wp","href":"https:\/\/api.w.org\/{rel}","templated":true}]}}