
{"id":10292,"date":"2023-12-08T13:58:51","date_gmt":"2023-12-08T12:58:51","guid":{"rendered":"https:\/\/przedszkole18.edu.wroclaw.pl\/?p=10292"},"modified":"2023-12-08T13:59:41","modified_gmt":"2023-12-08T12:59:41","slug":"wazne-31","status":"publish","type":"post","link":"https:\/\/przedszkole18.edu.wroclaw.pl\/index.php\/2023\/12\/08\/wazne-31\/","title":{"rendered":"Wa\u017cne!"},"content":{"rendered":"<p><span style=\"color: #000080\"><strong>Szanowni Pa\u0144stwo. <\/strong><\/span><\/p>\n<p><span style=\"color: #000080\"><strong>Otrzyma\u0142am informacj\u0119 od rodzic\u00f3w o przypadkach szkarlatyny i grypy jelitowej\u00a0 w\u015br\u00f3d naszych przedszkolak\u00f3w. Bardzo prosz\u0119 o kontrolowanie samopoczucia dzieci, przed przyprowadzeniem ich do przedszkola. Pozdrawiam i \u017cycz\u0119 du\u017co zdrowia.<\/strong> <\/span><\/p>\n","protected":false},"excerpt":{"rendered":"<p>Szanowni Pa\u0144stwo. Otrzyma\u0142am informacj\u0119 od rodzic\u00f3w o przypadkach szkarlatyny i grypy jelitowej\u00a0 w\u015br\u00f3d naszych przedszkolak\u00f3w. Bardzo prosz\u0119 o kontrolowanie samopoczucia dzieci, przed przyprowadzeniem ich do przedszkola. Pozdrawiam i \u017cycz\u0119 du\u017co [&hellip;]<\/p>\n","protected":false},"author":115,"featured_media":9508,"comment_status":"closed","ping_status":"closed","sticky":false,"template":"","format":"standard","meta":{"ngg_post_thumbnail":0,"footnotes":""},"categories":[3],"tags":[],"class_list":["post-10292","post","type-post","status-publish","format-standard","has-post-thumbnail","hentry","category-aktualnosci","clearfix"],"_links":{"self":[{"href":"https:\/\/przedszkole18.edu.wroclaw.pl\/index.php\/wp-json\/wp\/v2\/posts\/10292","targetHints":{"allow":["GET"]}}],"collection":[{"href":"https:\/\/przedszkole18.edu.wroclaw.pl\/index.php\/wp-json\/wp\/v2\/posts"}],"about":[{"href":"https:\/\/przedszkole18.edu.wroclaw.pl\/index.php\/wp-json\/wp\/v2\/types\/post"}],"author":[{"embeddable":true,"href":"https:\/\/przedszkole18.edu.wroclaw.pl\/index.php\/wp-json\/wp\/v2\/users\/115"}],"replies":[{"embeddable":true,"href":"https:\/\/przedszkole18.edu.wroclaw.pl\/index.php\/wp-json\/wp\/v2\/comments?post=10292"}],"version-history":[{"count":2,"href":"https:\/\/przedszkole18.edu.wroclaw.pl\/index.php\/wp-json\/wp\/v2\/posts\/10292\/revisions"}],"predecessor-version":[{"id":10294,"href":"https:\/\/przedszkole18.edu.wroclaw.pl\/index.php\/wp-json\/wp\/v2\/posts\/10292\/revisions\/10294"}],"wp:featuredmedia":[{"embeddable":true,"href":"https:\/\/przedszkole18.edu.wroclaw.pl\/index.php\/wp-json\/wp\/v2\/media\/9508"}],"wp:attachment":[{"href":"https:\/\/przedszkole18.edu.wroclaw.pl\/index.php\/wp-json\/wp\/v2\/media?parent=10292"}],"wp:term":[{"taxonomy":"category","embeddable":true,"href":"https:\/\/przedszkole18.edu.wroclaw.pl\/index.php\/wp-json\/wp\/v2\/categories?post=10292"},{"taxonomy":"post_tag","embeddable":true,"href":"https:\/\/przedszkole18.edu.wroclaw.pl\/index.php\/wp-json\/wp\/v2\/tags?post=10292"}],"curies":[{"name":"wp","href":"https:\/\/api.w.org\/{rel}","templated":true}]}}