
{"id":10369,"date":"2023-12-09T10:01:49","date_gmt":"2023-12-09T09:01:49","guid":{"rendered":"https:\/\/przedszkole18.edu.wroclaw.pl\/?p=10369"},"modified":"2023-12-09T10:01:49","modified_gmt":"2023-12-09T09:01:49","slug":"10369","status":"publish","type":"post","link":"https:\/\/przedszkole18.edu.wroclaw.pl\/index.php\/2023\/12\/09\/10369\/","title":{"rendered":""},"content":{"rendered":"<p><strong>REGULAMIN KONKURSU:<\/strong><\/p>\n<p><strong>\u201e EKO-ANIO\u0141EK\u201d<\/strong><\/p>\n<p><strong>\u00a0<\/strong><\/p>\n<ol>\n<li>Organizatorem konkursu jest Przedszkole nr 18 we Wroc\u0142awiu.<\/li>\n<\/ol>\n<p>&nbsp;<\/p>\n<ol start=\"2\">\n<li>Cele konkursu:<\/li>\n<\/ol>\n<ul>\n<li>zdobywanie do\u015bwiadczenia w zakresie tw\u00f3rczo\u015bci plastycznej;<\/li>\n<li>rozwijanie wyobra\u017ani i pomys\u0142owo\u015bci dzieci;<\/li>\n<li>umo\u017cliwienie dzieciom prezentacji w\u0142asnych dokona\u0144 tw\u00f3rczych;<\/li>\n<li>wsp\u00f3lnie z rodzicami sp\u0119dzi\u0107 czas na weso\u0142ej zabawie;<\/li>\n<\/ul>\n<p>&nbsp;<\/p>\n<ol start=\"3\">\n<li>Warunki uczestnictwa:<\/li>\n<\/ol>\n<ul>\n<li>uczestnicy konkursu: dzieci w wieku 3 \u2013 6 lat;<\/li>\n<li>technika: przestrzenna<\/li>\n<li>ka\u017cdy uczestnik mo\u017ce dostarczy\u0107 jedn\u0105 indywidualn\u0105 prac\u0119;<\/li>\n<li>do pracy nale\u017cy do\u0142\u0105czy\u0107 metryczk\u0119 zawieraj\u0105c\u0105 dane tj.: imi\u0119 i nazwisko autora, wiek, numer grupy.<\/li>\n<\/ul>\n<p>&nbsp;<\/p>\n<ol start=\"4\">\n<li>Kryterium oceny prac: Komisja Konkursowa dokona oceny prac bior\u0105c pod uwag\u0119 ich oryginalno\u015b\u0107, pomys\u0142owo\u015b\u0107 i estetyk\u0119 wykonania.<\/li>\n<\/ol>\n<p>&nbsp;<\/p>\n<ol start=\"5\">\n<li><strong>Termin sk\u0142adania prac: 18.12-21.12<\/strong><\/li>\n<\/ol>\n<p>&nbsp;<\/p>\n<ol start=\"6\">\n<li><strong>Rozstrzygni\u0119cie konkursu: 22.12.2023<\/strong><\/li>\n<\/ol>\n<p><strong>\u00a0<\/strong><\/p>\n<ol start=\"7\">\n<li>Miejsce sk\u0142adania prac: weranda przedszkola<\/li>\n<\/ol>\n<p>&nbsp;<\/p>\n<ol start=\"8\">\n<li>Autorzy najlepszych prac otrzymaj\u0105 dyplomy.<\/li>\n<\/ol>\n<p>&nbsp;<\/p>\n<ol start=\"9\">\n<li>Prace po rozstrzygni\u0119ciu konkursu wracaj\u0105 do w\u0142a\u015bcicieli.<\/li>\n<\/ol>\n<p>&nbsp;<\/p>\n<p>&nbsp;<\/p>\n<ol start=\"10\">\n<li>Dodatkowe informacje mo\u017cna uzyska\u0107 u koordynatora konkursu: Katarzyny M\u0105czki<\/li>\n<\/ol>\n<p>( Nauczyciel gr. IIIA).<\/p>\n<p>&nbsp;<\/p>\n<p>&nbsp;<\/p>\n<p>&nbsp;<\/p>\n<p><strong>WSZYSTKIM UCZESTNIKOM \u017bYCZYMY TW\u00d3RCZYCH POMYS\u0141\u00d3W ORAZ RADO\u015aCI Z TWORZENIA!<\/strong><\/p>\n","protected":false},"excerpt":{"rendered":"<p>REGULAMIN KONKURSU: \u201e EKO-ANIO\u0141EK\u201d \u00a0 Organizatorem konkursu jest Przedszkole nr 18 we Wroc\u0142awiu. &nbsp; Cele konkursu: zdobywanie do\u015bwiadczenia w zakresie tw\u00f3rczo\u015bci plastycznej; rozwijanie wyobra\u017ani i pomys\u0142owo\u015bci dzieci; umo\u017cliwienie dzieciom prezentacji [&hellip;]<\/p>\n","protected":false},"author":112,"featured_media":0,"comment_status":"closed","ping_status":"closed","sticky":false,"template":"","format":"standard","meta":{"ngg_post_thumbnail":0,"footnotes":""},"categories":[1],"tags":[],"class_list":["post-10369","post","type-post","status-publish","format-standard","hentry","category-bez-kategorii","clearfix"],"_links":{"self":[{"href":"https:\/\/przedszkole18.edu.wroclaw.pl\/index.php\/wp-json\/wp\/v2\/posts\/10369","targetHints":{"allow":["GET"]}}],"collection":[{"href":"https:\/\/przedszkole18.edu.wroclaw.pl\/index.php\/wp-json\/wp\/v2\/posts"}],"about":[{"href":"https:\/\/przedszkole18.edu.wroclaw.pl\/index.php\/wp-json\/wp\/v2\/types\/post"}],"author":[{"embeddable":true,"href":"https:\/\/przedszkole18.edu.wroclaw.pl\/index.php\/wp-json\/wp\/v2\/users\/112"}],"replies":[{"embeddable":true,"href":"https:\/\/przedszkole18.edu.wroclaw.pl\/index.php\/wp-json\/wp\/v2\/comments?post=10369"}],"version-history":[{"count":1,"href":"https:\/\/przedszkole18.edu.wroclaw.pl\/index.php\/wp-json\/wp\/v2\/posts\/10369\/revisions"}],"predecessor-version":[{"id":10371,"href":"https:\/\/przedszkole18.edu.wroclaw.pl\/index.php\/wp-json\/wp\/v2\/posts\/10369\/revisions\/10371"}],"wp:attachment":[{"href":"https:\/\/przedszkole18.edu.wroclaw.pl\/index.php\/wp-json\/wp\/v2\/media?parent=10369"}],"wp:term":[{"taxonomy":"category","embeddable":true,"href":"https:\/\/przedszkole18.edu.wroclaw.pl\/index.php\/wp-json\/wp\/v2\/categories?post=10369"},{"taxonomy":"post_tag","embeddable":true,"href":"https:\/\/przedszkole18.edu.wroclaw.pl\/index.php\/wp-json\/wp\/v2\/tags?post=10369"}],"curies":[{"name":"wp","href":"https:\/\/api.w.org\/{rel}","templated":true}]}}