
{"id":10424,"date":"2023-12-18T13:06:45","date_gmt":"2023-12-18T12:06:45","guid":{"rendered":"https:\/\/przedszkole18.edu.wroclaw.pl\/?p=10424"},"modified":"2023-12-18T13:06:45","modified_gmt":"2023-12-18T12:06:45","slug":"wazne-32","status":"publish","type":"post","link":"https:\/\/przedszkole18.edu.wroclaw.pl\/index.php\/2023\/12\/18\/wazne-32\/","title":{"rendered":"Wa\u017cne!"},"content":{"rendered":"<p><span style=\"font-size: 14pt;color: #003366\"><strong>Drodzy Pa\u0144stwo!<\/strong><\/span><\/p>\n<p><span style=\"font-size: 14pt;color: #003366\"><strong>Dzisiejsza frekwencja to nawet nie po\u0142owa stanu naszych wychowank\u00f3w. Mam informacje o zapaleniach p\u0142uc, grypie jelitowej jak i przypadkach COVID potwierdzonych testami. Na chwil\u0119 obecn\u0105 nie ma ju\u017c wytycznych zwi\u0105zanych z post\u0119powaniem w przypadkach zachorowa\u0144 na COVID. W zwi\u0105zku z tym zwracam si\u0119 do Pa\u0144stwa z pro\u015bb\u0105\u00a0 o zachowanie szczeg\u00f3lnej ostro\u017cno\u015bci,\u00a0 przy podejmowaniu decyzji o przyprowadzaniu dzieci do przedszkola w sytuacji jakichkolwiek symptom\u00f3w chorobowych. Z naszych obserwacji wynika, \u017ce jednodniowa nieobecno\u015b\u0107 dziecka z w\u0105tpliwymi dla Pa\u0144stwa\u00a0 objawami\u00a0 chorobowymi, skutkuje nawrotem z nasilonymi objawami chorobowymi. <\/strong><\/span><\/p>\n<p><span style=\"font-size: 14pt;color: #003366\"><strong>Pisz\u0105c to mam na uwadze dobro dzieci chorych ale te\u017c,\u00a0 dzieci i rodzic\u00f3w dzieci\u00a0 zdrowych. Pozdrawiam i \u017cycz\u0119 du\u017co zdrowia.\u00a0<\/strong> <\/span><\/p>\n","protected":false},"excerpt":{"rendered":"<p>Drodzy Pa\u0144stwo! Dzisiejsza frekwencja to nawet nie po\u0142owa stanu naszych wychowank\u00f3w. Mam informacje o zapaleniach p\u0142uc, grypie jelitowej jak i przypadkach COVID potwierdzonych testami. Na chwil\u0119 obecn\u0105 nie ma ju\u017c [&hellip;]<\/p>\n","protected":false},"author":115,"featured_media":9507,"comment_status":"closed","ping_status":"closed","sticky":false,"template":"","format":"standard","meta":{"ngg_post_thumbnail":0,"footnotes":""},"categories":[3],"tags":[],"class_list":["post-10424","post","type-post","status-publish","format-standard","has-post-thumbnail","hentry","category-aktualnosci","clearfix"],"_links":{"self":[{"href":"https:\/\/przedszkole18.edu.wroclaw.pl\/index.php\/wp-json\/wp\/v2\/posts\/10424","targetHints":{"allow":["GET"]}}],"collection":[{"href":"https:\/\/przedszkole18.edu.wroclaw.pl\/index.php\/wp-json\/wp\/v2\/posts"}],"about":[{"href":"https:\/\/przedszkole18.edu.wroclaw.pl\/index.php\/wp-json\/wp\/v2\/types\/post"}],"author":[{"embeddable":true,"href":"https:\/\/przedszkole18.edu.wroclaw.pl\/index.php\/wp-json\/wp\/v2\/users\/115"}],"replies":[{"embeddable":true,"href":"https:\/\/przedszkole18.edu.wroclaw.pl\/index.php\/wp-json\/wp\/v2\/comments?post=10424"}],"version-history":[{"count":1,"href":"https:\/\/przedszkole18.edu.wroclaw.pl\/index.php\/wp-json\/wp\/v2\/posts\/10424\/revisions"}],"predecessor-version":[{"id":10425,"href":"https:\/\/przedszkole18.edu.wroclaw.pl\/index.php\/wp-json\/wp\/v2\/posts\/10424\/revisions\/10425"}],"wp:featuredmedia":[{"embeddable":true,"href":"https:\/\/przedszkole18.edu.wroclaw.pl\/index.php\/wp-json\/wp\/v2\/media\/9507"}],"wp:attachment":[{"href":"https:\/\/przedszkole18.edu.wroclaw.pl\/index.php\/wp-json\/wp\/v2\/media?parent=10424"}],"wp:term":[{"taxonomy":"category","embeddable":true,"href":"https:\/\/przedszkole18.edu.wroclaw.pl\/index.php\/wp-json\/wp\/v2\/categories?post=10424"},{"taxonomy":"post_tag","embeddable":true,"href":"https:\/\/przedszkole18.edu.wroclaw.pl\/index.php\/wp-json\/wp\/v2\/tags?post=10424"}],"curies":[{"name":"wp","href":"https:\/\/api.w.org\/{rel}","templated":true}]}}