
{"id":10446,"date":"2023-12-21T22:05:55","date_gmt":"2023-12-21T21:05:55","guid":{"rendered":"https:\/\/przedszkole18.edu.wroclaw.pl\/?p=10446"},"modified":"2023-12-22T12:32:05","modified_gmt":"2023-12-22T11:32:05","slug":"swiateczny-czas-2","status":"publish","type":"post","link":"https:\/\/przedszkole18.edu.wroclaw.pl\/index.php\/2023\/12\/21\/swiateczny-czas-2\/","title":{"rendered":"\u015awi\u0105teczny czas."},"content":{"rendered":"<p><strong><span style=\"font-size: 14pt;color: #003366\">Z okazji zbli\u017caj\u0105cych si\u0119 \u015awi\u0105t Bo\u017cego Narodzenia, <\/span><span style=\"font-size: 14pt;color: #003366\">\u017cycz\u0119 wszystkim Pa\u0144stwu rado\u015bci z rzeczy wa\u017cnych i codziennych, <\/span><span style=\"font-size: 14pt;color: #003366\">zatrzymania i zadumy nad warto\u015bciami, kt\u00f3re nios\u0105 dobro i buduj\u0105 nasze cz\u0142owiecze\u0144stwo, <\/span><span style=\"font-size: 14pt;color: #003366\">\u017cyczliwo\u015bci ludzi i \u015bwiata, cennych chwil z bliskimi, wytchnienia i odpoczynku. <\/span><span style=\"font-size: 14pt;color: #003366\">Dobrych rodzinnych \u015awi\u0105t oraz spe\u0142nienia marze\u0144 i pomy\u015blno\u015bci w Nowym 2024 Roku. <\/span><\/strong><span style=\"font-size: 14pt;color: #003366\"><strong> Pozdrawiam serdecznie i \u017cycz\u0119 du\u017co zdrowia. <\/strong><\/span><\/p>\n<p><span style=\"font-size: 14pt;color: #003366\"><span style=\"font-size: 12pt\">Dyrektor plac\u00f3wki<\/span> <span style=\"font-size: 12pt\">Lidia Walczak-I\u017cycka<\/span><\/span><\/p>\n","protected":false},"excerpt":{"rendered":"<p>Z okazji zbli\u017caj\u0105cych si\u0119 \u015awi\u0105t Bo\u017cego Narodzenia, \u017cycz\u0119 wszystkim Pa\u0144stwu rado\u015bci z rzeczy wa\u017cnych i codziennych, zatrzymania i zadumy nad warto\u015bciami, kt\u00f3re nios\u0105 dobro i buduj\u0105 nasze cz\u0142owiecze\u0144stwo, \u017cyczliwo\u015bci ludzi [&hellip;]<\/p>\n","protected":false},"author":115,"featured_media":8072,"comment_status":"closed","ping_status":"closed","sticky":false,"template":"","format":"standard","meta":{"ngg_post_thumbnail":0,"footnotes":""},"categories":[3],"tags":[],"class_list":["post-10446","post","type-post","status-publish","format-standard","has-post-thumbnail","hentry","category-aktualnosci","clearfix"],"_links":{"self":[{"href":"https:\/\/przedszkole18.edu.wroclaw.pl\/index.php\/wp-json\/wp\/v2\/posts\/10446","targetHints":{"allow":["GET"]}}],"collection":[{"href":"https:\/\/przedszkole18.edu.wroclaw.pl\/index.php\/wp-json\/wp\/v2\/posts"}],"about":[{"href":"https:\/\/przedszkole18.edu.wroclaw.pl\/index.php\/wp-json\/wp\/v2\/types\/post"}],"author":[{"embeddable":true,"href":"https:\/\/przedszkole18.edu.wroclaw.pl\/index.php\/wp-json\/wp\/v2\/users\/115"}],"replies":[{"embeddable":true,"href":"https:\/\/przedszkole18.edu.wroclaw.pl\/index.php\/wp-json\/wp\/v2\/comments?post=10446"}],"version-history":[{"count":3,"href":"https:\/\/przedszkole18.edu.wroclaw.pl\/index.php\/wp-json\/wp\/v2\/posts\/10446\/revisions"}],"predecessor-version":[{"id":10483,"href":"https:\/\/przedszkole18.edu.wroclaw.pl\/index.php\/wp-json\/wp\/v2\/posts\/10446\/revisions\/10483"}],"wp:featuredmedia":[{"embeddable":true,"href":"https:\/\/przedszkole18.edu.wroclaw.pl\/index.php\/wp-json\/wp\/v2\/media\/8072"}],"wp:attachment":[{"href":"https:\/\/przedszkole18.edu.wroclaw.pl\/index.php\/wp-json\/wp\/v2\/media?parent=10446"}],"wp:term":[{"taxonomy":"category","embeddable":true,"href":"https:\/\/przedszkole18.edu.wroclaw.pl\/index.php\/wp-json\/wp\/v2\/categories?post=10446"},{"taxonomy":"post_tag","embeddable":true,"href":"https:\/\/przedszkole18.edu.wroclaw.pl\/index.php\/wp-json\/wp\/v2\/tags?post=10446"}],"curies":[{"name":"wp","href":"https:\/\/api.w.org\/{rel}","templated":true}]}}