
{"id":10526,"date":"2023-12-30T10:49:21","date_gmt":"2023-12-30T09:49:21","guid":{"rendered":"https:\/\/przedszkole18.edu.wroclaw.pl\/?p=10526"},"modified":"2023-12-30T10:49:21","modified_gmt":"2023-12-30T09:49:21","slug":"konkurs-eko-aniolek","status":"publish","type":"post","link":"https:\/\/przedszkole18.edu.wroclaw.pl\/index.php\/2023\/12\/30\/konkurs-eko-aniolek\/","title":{"rendered":"KONKURS: &#8222;EKO-ANIO\u0141EK&#8221;"},"content":{"rendered":"<p>Szanowni Rodzice,<\/p>\n<p>Chcieliby\u015bmy serdecznie podzi\u0119kowa\u0107 wszystkim Rodzicom i Dzieciom za wzi\u0119cie udzia\u0142u w naszym konkursie &#8222;Eko Anio\u0142ek&#8221;. Wasze zaanga\u017cowanie i kreatywno\u015b\u0107 naprawd\u0119 nas zainspirowa\u0142y!<\/p>\n<p>Pragniemy og\u0142osi\u0107, \u017ce rozdanie dyplom\u00f3w odb\u0119dzie si\u0119 2 stycznia:)<\/p>\n<p><img loading=\"lazy\" decoding=\"async\" class=\"alignnone size-medium wp-image-10527\" src=\"https:\/\/przedszkole18.edu.wroclaw.pl\/wp-content\/uploads\/sites\/36\/2023\/12\/IMG_0638-225x300.jpg\" alt=\"\" width=\"225\" height=\"300\" srcset=\"https:\/\/przedszkole18.edu.wroclaw.pl\/wp-content\/uploads\/sites\/36\/2023\/12\/IMG_0638-225x300.jpg 225w, https:\/\/przedszkole18.edu.wroclaw.pl\/wp-content\/uploads\/sites\/36\/2023\/12\/IMG_0638-768x1024.jpg 768w, https:\/\/przedszkole18.edu.wroclaw.pl\/wp-content\/uploads\/sites\/36\/2023\/12\/IMG_0638-1152x1536.jpg 1152w, https:\/\/przedszkole18.edu.wroclaw.pl\/wp-content\/uploads\/sites\/36\/2023\/12\/IMG_0638-1536x2048.jpg 1536w, https:\/\/przedszkole18.edu.wroclaw.pl\/wp-content\/uploads\/sites\/36\/2023\/12\/IMG_0638-scaled.jpg 1920w\" sizes=\"auto, (max-width: 225px) 100vw, 225px\" \/><img loading=\"lazy\" decoding=\"async\" class=\"alignnone size-medium wp-image-10528\" src=\"https:\/\/przedszkole18.edu.wroclaw.pl\/wp-content\/uploads\/sites\/36\/2023\/12\/IMG_0636-300x225.jpg\" alt=\"\" width=\"300\" height=\"225\" srcset=\"https:\/\/przedszkole18.edu.wroclaw.pl\/wp-content\/uploads\/sites\/36\/2023\/12\/IMG_0636-300x225.jpg 300w, https:\/\/przedszkole18.edu.wroclaw.pl\/wp-content\/uploads\/sites\/36\/2023\/12\/IMG_0636-1024x768.jpg 1024w, https:\/\/przedszkole18.edu.wroclaw.pl\/wp-content\/uploads\/sites\/36\/2023\/12\/IMG_0636-768x576.jpg 768w, https:\/\/przedszkole18.edu.wroclaw.pl\/wp-content\/uploads\/sites\/36\/2023\/12\/IMG_0636-1536x1152.jpg 1536w, https:\/\/przedszkole18.edu.wroclaw.pl\/wp-content\/uploads\/sites\/36\/2023\/12\/IMG_0636-2048x1536.jpg 2048w\" sizes=\"auto, (max-width: 300px) 100vw, 300px\" \/><img loading=\"lazy\" decoding=\"async\" class=\"alignnone size-medium wp-image-10529\" src=\"https:\/\/przedszkole18.edu.wroclaw.pl\/wp-content\/uploads\/sites\/36\/2023\/12\/IMG_0640-300x225.jpg\" alt=\"\" width=\"300\" height=\"225\" srcset=\"https:\/\/przedszkole18.edu.wroclaw.pl\/wp-content\/uploads\/sites\/36\/2023\/12\/IMG_0640-300x225.jpg 300w, https:\/\/przedszkole18.edu.wroclaw.pl\/wp-content\/uploads\/sites\/36\/2023\/12\/IMG_0640-1024x768.jpg 1024w, https:\/\/przedszkole18.edu.wroclaw.pl\/wp-content\/uploads\/sites\/36\/2023\/12\/IMG_0640-768x576.jpg 768w, https:\/\/przedszkole18.edu.wroclaw.pl\/wp-content\/uploads\/sites\/36\/2023\/12\/IMG_0640-1536x1152.jpg 1536w, https:\/\/przedszkole18.edu.wroclaw.pl\/wp-content\/uploads\/sites\/36\/2023\/12\/IMG_0640-2048x1536.jpg 2048w\" sizes=\"auto, (max-width: 300px) 100vw, 300px\" \/><\/p>\n","protected":false},"excerpt":{"rendered":"<p>Szanowni Rodzice, Chcieliby\u015bmy serdecznie podzi\u0119kowa\u0107 wszystkim Rodzicom i Dzieciom za wzi\u0119cie udzia\u0142u w naszym konkursie &#8222;Eko Anio\u0142ek&#8221;. Wasze zaanga\u017cowanie i kreatywno\u015b\u0107 naprawd\u0119 nas zainspirowa\u0142y! Pragniemy og\u0142osi\u0107, \u017ce rozdanie dyplom\u00f3w odb\u0119dzie [&hellip;]<\/p>\n","protected":false},"author":112,"featured_media":10528,"comment_status":"closed","ping_status":"closed","sticky":false,"template":"","format":"standard","meta":{"ngg_post_thumbnail":0,"footnotes":""},"categories":[3],"tags":[],"class_list":["post-10526","post","type-post","status-publish","format-standard","has-post-thumbnail","hentry","category-aktualnosci","clearfix"],"_links":{"self":[{"href":"https:\/\/przedszkole18.edu.wroclaw.pl\/index.php\/wp-json\/wp\/v2\/posts\/10526","targetHints":{"allow":["GET"]}}],"collection":[{"href":"https:\/\/przedszkole18.edu.wroclaw.pl\/index.php\/wp-json\/wp\/v2\/posts"}],"about":[{"href":"https:\/\/przedszkole18.edu.wroclaw.pl\/index.php\/wp-json\/wp\/v2\/types\/post"}],"author":[{"embeddable":true,"href":"https:\/\/przedszkole18.edu.wroclaw.pl\/index.php\/wp-json\/wp\/v2\/users\/112"}],"replies":[{"embeddable":true,"href":"https:\/\/przedszkole18.edu.wroclaw.pl\/index.php\/wp-json\/wp\/v2\/comments?post=10526"}],"version-history":[{"count":1,"href":"https:\/\/przedszkole18.edu.wroclaw.pl\/index.php\/wp-json\/wp\/v2\/posts\/10526\/revisions"}],"predecessor-version":[{"id":10530,"href":"https:\/\/przedszkole18.edu.wroclaw.pl\/index.php\/wp-json\/wp\/v2\/posts\/10526\/revisions\/10530"}],"wp:featuredmedia":[{"embeddable":true,"href":"https:\/\/przedszkole18.edu.wroclaw.pl\/index.php\/wp-json\/wp\/v2\/media\/10528"}],"wp:attachment":[{"href":"https:\/\/przedszkole18.edu.wroclaw.pl\/index.php\/wp-json\/wp\/v2\/media?parent=10526"}],"wp:term":[{"taxonomy":"category","embeddable":true,"href":"https:\/\/przedszkole18.edu.wroclaw.pl\/index.php\/wp-json\/wp\/v2\/categories?post=10526"},{"taxonomy":"post_tag","embeddable":true,"href":"https:\/\/przedszkole18.edu.wroclaw.pl\/index.php\/wp-json\/wp\/v2\/tags?post=10526"}],"curies":[{"name":"wp","href":"https:\/\/api.w.org\/{rel}","templated":true}]}}