
{"id":10545,"date":"2024-01-04T15:11:52","date_gmt":"2024-01-04T14:11:52","guid":{"rendered":"https:\/\/przedszkole18.edu.wroclaw.pl\/?p=10545"},"modified":"2024-01-04T15:17:57","modified_gmt":"2024-01-04T14:17:57","slug":"koncert-koled","status":"publish","type":"post","link":"https:\/\/przedszkole18.edu.wroclaw.pl\/index.php\/2024\/01\/04\/koncert-koled\/","title":{"rendered":"Koncert Kol\u0119d."},"content":{"rendered":"<p><span style=\"color: #000080\"><em><strong>Szanowni Pa\u0144stwo. <\/strong><\/em><\/span><\/p>\n<p><span style=\"color: #000080\"><em><strong>10 stycznia\/\u015broda\/ 2024 roku o godzinie 16.00 zapraszamy na uroczysty\u00a0 Koncert Kol\u0119d. Wykonawcami b\u0119d\u0105\u00a0 dzieci z grup III a, IV, IV a. <\/strong><\/em><\/span><\/p>\n<p><span style=\"color: #000080\"><em><strong>Nie mamy sal koncertowych i wielkiej przestrzeni dla ogl\u0105daj\u0105cych, ale mamy wielkie serca i ch\u0119\u0107 by z Wami pokol\u0119dowa\u0107. Zapraszamy serdecznie. <\/strong><\/em><\/span><\/p>\n<p><span style=\"color: #000080\"><em>Bardzo prosimy o przygotowanie stroj\u00f3w galowych dla dzieci wyst\u0119puj\u0105cych . Pozdrawiamy i \u017cyczymy du\u017co zdrowia. <\/em><\/span><\/p>\n","protected":false},"excerpt":{"rendered":"<p>Szanowni Pa\u0144stwo. 10 stycznia\/\u015broda\/ 2024 roku o godzinie 16.00 zapraszamy na uroczysty\u00a0 Koncert Kol\u0119d. Wykonawcami b\u0119d\u0105\u00a0 dzieci z grup III a, IV, IV a. Nie mamy sal koncertowych i wielkiej [&hellip;]<\/p>\n","protected":false},"author":115,"featured_media":8004,"comment_status":"closed","ping_status":"closed","sticky":false,"template":"","format":"standard","meta":{"ngg_post_thumbnail":0,"footnotes":""},"categories":[3],"tags":[],"class_list":["post-10545","post","type-post","status-publish","format-standard","has-post-thumbnail","hentry","category-aktualnosci","clearfix"],"_links":{"self":[{"href":"https:\/\/przedszkole18.edu.wroclaw.pl\/index.php\/wp-json\/wp\/v2\/posts\/10545","targetHints":{"allow":["GET"]}}],"collection":[{"href":"https:\/\/przedszkole18.edu.wroclaw.pl\/index.php\/wp-json\/wp\/v2\/posts"}],"about":[{"href":"https:\/\/przedszkole18.edu.wroclaw.pl\/index.php\/wp-json\/wp\/v2\/types\/post"}],"author":[{"embeddable":true,"href":"https:\/\/przedszkole18.edu.wroclaw.pl\/index.php\/wp-json\/wp\/v2\/users\/115"}],"replies":[{"embeddable":true,"href":"https:\/\/przedszkole18.edu.wroclaw.pl\/index.php\/wp-json\/wp\/v2\/comments?post=10545"}],"version-history":[{"count":2,"href":"https:\/\/przedszkole18.edu.wroclaw.pl\/index.php\/wp-json\/wp\/v2\/posts\/10545\/revisions"}],"predecessor-version":[{"id":10547,"href":"https:\/\/przedszkole18.edu.wroclaw.pl\/index.php\/wp-json\/wp\/v2\/posts\/10545\/revisions\/10547"}],"wp:featuredmedia":[{"embeddable":true,"href":"https:\/\/przedszkole18.edu.wroclaw.pl\/index.php\/wp-json\/wp\/v2\/media\/8004"}],"wp:attachment":[{"href":"https:\/\/przedszkole18.edu.wroclaw.pl\/index.php\/wp-json\/wp\/v2\/media?parent=10545"}],"wp:term":[{"taxonomy":"category","embeddable":true,"href":"https:\/\/przedszkole18.edu.wroclaw.pl\/index.php\/wp-json\/wp\/v2\/categories?post=10545"},{"taxonomy":"post_tag","embeddable":true,"href":"https:\/\/przedszkole18.edu.wroclaw.pl\/index.php\/wp-json\/wp\/v2\/tags?post=10545"}],"curies":[{"name":"wp","href":"https:\/\/api.w.org\/{rel}","templated":true}]}}