
{"id":10559,"date":"2024-01-09T09:00:22","date_gmt":"2024-01-09T08:00:22","guid":{"rendered":"https:\/\/przedszkole18.edu.wroclaw.pl\/?p=10559"},"modified":"2024-02-08T08:46:59","modified_gmt":"2024-02-08T07:46:59","slug":"iv-ogolnopolski-konkurs-na-najciekawszy-limeryk","status":"publish","type":"post","link":"https:\/\/przedszkole18.edu.wroclaw.pl\/index.php\/2024\/01\/09\/iv-ogolnopolski-konkurs-na-najciekawszy-limeryk\/","title":{"rendered":"IV Og\u00f3lnopolski Konkurs na Najciekawszy Limeryk"},"content":{"rendered":"<p>IV Og\u00f3lnopolski Konkurs na Najciekawszy Limeryk<\/p>\n<p>Szanowni Rodzice.<\/p>\n<p>Ju\u017c po raz czwarty mamy przyjemno\u015b\u0107 zaprosi\u0107 Was do wsp\u00f3lnej zabawy s\u0142owem a tak\u017ce stworzy\u0107 okazj\u0119 dla Was i Waszych pociech, do tw\u00f3rczego sp\u0119dzania wsp\u00f3lnego czasu.<\/p>\n<p>Tym razem nasza propozycja jest skierowana, zar\u00f3wno do naszych najm\u0142odszych,\u00a0 jak i troch\u0119 starszych dzieci, poniewa\u017c konkurs obejmuje a\u017c trzy kategorie wiekowe:<\/p>\n<p>3 \u2013 5 \u2013 latki, 6-10 \u2013 latki, 11, &#8211; 14 \u2013 latki. Stwarza on wi\u0119c wspania\u0142\u0105 mo\u017cliwo\u015b\u0107 nie tylko do wsp\u00f3lnej zabawy z rodzicami, ale te\u017c ze starszym rodze\u0144stwem.<\/p>\n<p>Co nale\u017cy zrobi\u0107:<\/p>\n<p>-napisa\u0107 limeryk (dzieci do 10 roku \u017cycia pisz\u0105 wraz z rodzicami, starsze samodzielnie),<\/p>\n<p>-nagra\u0107 filmik ilustruj\u0105cy go\/ lub zrobi\u0107 zdj\u0119cie ,<\/p>\n<p>-wys\u0142a\u0107 wraz z kompletem zg\u00f3d zawartych w regulaminie i maszynopisem utworu, na nasz adres \u00a0: <a href=\"mailto:malmic0330@2du.wroc,pl\">malmic0338@edu.wroclaw.pl<\/a>\u00a0 w konkursie przewidziane s\u0105 pi\u0119kne nagrody ksi\u0105\u017ckowe.<\/p>\n<p>Na wasze zg\u0142oszenia czekamy do 12.02.2024.<\/p>\n<p>&nbsp;<\/p>\n<p>Szczeg\u00f3\u0142owe informacje oraz regulamin konkursu znajduj\u0105 si\u0119\u00a0 <a href=\"https:\/\/przedszkole18.edu.wroclaw.pl\/index.php\/iv-ogolnopolski-konkurs-na-najciekawszy-limeryk\/\">TUTAJ<\/a> oraz pod\u00a0 numerem telefonu\u00a0\u00a0\u00a0\u00a0 \u00a0608 55 31 70.<\/p>\n<p>Sekretariat przedszkola nie udziela informacji na temat konkursu.<\/p>\n<p>&nbsp;<\/p>\n<p>Koordynator konkursu Ma\u0142gorzata Michalska \u2013 logopeda P \u2013 18.<\/p>\n<p>&nbsp;<\/p>\n","protected":false},"excerpt":{"rendered":"<p>IV Og\u00f3lnopolski Konkurs na Najciekawszy Limeryk Szanowni Rodzice. Ju\u017c po raz czwarty mamy przyjemno\u015b\u0107 zaprosi\u0107 Was do wsp\u00f3lnej zabawy s\u0142owem a tak\u017ce stworzy\u0107 okazj\u0119 dla Was i Waszych pociech, do [&hellip;]<\/p>\n","protected":false},"author":119,"featured_media":0,"comment_status":"closed","ping_status":"closed","sticky":false,"template":"","format":"standard","meta":{"ngg_post_thumbnail":0,"footnotes":""},"categories":[3],"tags":[],"class_list":["post-10559","post","type-post","status-publish","format-standard","hentry","category-aktualnosci","clearfix"],"_links":{"self":[{"href":"https:\/\/przedszkole18.edu.wroclaw.pl\/index.php\/wp-json\/wp\/v2\/posts\/10559","targetHints":{"allow":["GET"]}}],"collection":[{"href":"https:\/\/przedszkole18.edu.wroclaw.pl\/index.php\/wp-json\/wp\/v2\/posts"}],"about":[{"href":"https:\/\/przedszkole18.edu.wroclaw.pl\/index.php\/wp-json\/wp\/v2\/types\/post"}],"author":[{"embeddable":true,"href":"https:\/\/przedszkole18.edu.wroclaw.pl\/index.php\/wp-json\/wp\/v2\/users\/119"}],"replies":[{"embeddable":true,"href":"https:\/\/przedszkole18.edu.wroclaw.pl\/index.php\/wp-json\/wp\/v2\/comments?post=10559"}],"version-history":[{"count":4,"href":"https:\/\/przedszkole18.edu.wroclaw.pl\/index.php\/wp-json\/wp\/v2\/posts\/10559\/revisions"}],"predecessor-version":[{"id":10759,"href":"https:\/\/przedszkole18.edu.wroclaw.pl\/index.php\/wp-json\/wp\/v2\/posts\/10559\/revisions\/10759"}],"wp:attachment":[{"href":"https:\/\/przedszkole18.edu.wroclaw.pl\/index.php\/wp-json\/wp\/v2\/media?parent=10559"}],"wp:term":[{"taxonomy":"category","embeddable":true,"href":"https:\/\/przedszkole18.edu.wroclaw.pl\/index.php\/wp-json\/wp\/v2\/categories?post=10559"},{"taxonomy":"post_tag","embeddable":true,"href":"https:\/\/przedszkole18.edu.wroclaw.pl\/index.php\/wp-json\/wp\/v2\/tags?post=10559"}],"curies":[{"name":"wp","href":"https:\/\/api.w.org\/{rel}","templated":true}]}}