
{"id":1076,"date":"2020-04-07T13:14:30","date_gmt":"2020-04-07T11:14:30","guid":{"rendered":"https:\/\/przedszkole18.edu.wroclaw.pl\/?p=1076"},"modified":"2020-04-07T13:14:30","modified_gmt":"2020-04-07T11:14:30","slug":"plakaty-samodzielnosci","status":"publish","type":"post","link":"https:\/\/przedszkole18.edu.wroclaw.pl\/index.php\/2020\/04\/07\/plakaty-samodzielnosci\/","title":{"rendered":"Plakaty samodzielno\u015bci"},"content":{"rendered":"<p style=\"text-align: center\"><strong><span style=\"font-size: 18pt;color: #00ff00\">W tym trudnym dla nas wszystkich czasie warto zastanowi\u0107 si\u0119 czy dzieci s\u0105 samodzielne w kwestii samoobs\u0142ugi adekwatnie do ich wieku i ewentualnie wykorzysta\u0107 ten czas na wspieranie dzieci w tym zakresie.<\/span><\/strong><\/p>\n<p style=\"text-align: center\"><strong><span style=\"font-size: 18pt;color: #00ffff\"><span style=\"color: #00ff00\">Pomog\u0105 Pa\u0144stwu te kolorowe plakaty przedstawiaj\u0105ce podstawowe czynno\u015bci jakie dzieci powinny wykonywa\u0107 w danym wieku.<\/span> <\/span><\/strong><\/p>\n<p><span style=\"font-size: 18pt\">Plakaty pochodz\u0105 ze strony &#8222;Przedszkolne pomys\u0142y&#8221;<\/span><\/p>\n<p><img loading=\"lazy\" decoding=\"async\" class=\"alignnone size-full wp-image-1080\" src=\"https:\/\/przedszkole18.edu.wroclaw.pl\/wp-content\/uploads\/sites\/36\/2020\/04\/1-10-724x1024-1.png\" alt=\"\" width=\"724\" height=\"1024\" \/><\/p>\n<p><img loading=\"lazy\" decoding=\"async\" class=\"alignnone size-full wp-image-1079\" src=\"https:\/\/przedszkole18.edu.wroclaw.pl\/wp-content\/uploads\/sites\/36\/2020\/04\/2-11-724x1024-1.png\" alt=\"\" width=\"724\" height=\"1024\" \/><\/p>\n<p><img loading=\"lazy\" decoding=\"async\" class=\"alignnone size-full wp-image-1078\" src=\"https:\/\/przedszkole18.edu.wroclaw.pl\/wp-content\/uploads\/sites\/36\/2020\/04\/3-12-724x1024-1.png\" alt=\"\" width=\"724\" height=\"1024\" \/><img loading=\"lazy\" decoding=\"async\" class=\"alignnone size-full wp-image-1077\" src=\"https:\/\/przedszkole18.edu.wroclaw.pl\/wp-content\/uploads\/sites\/36\/2020\/04\/4-11-724x1024-1.png\" alt=\"\" width=\"724\" height=\"1024\" \/><\/p>\n","protected":false},"excerpt":{"rendered":"<p>W tym trudnym dla nas wszystkich czasie warto zastanowi\u0107 si\u0119 czy dzieci s\u0105 samodzielne w kwestii samoobs\u0142ugi adekwatnie do ich wieku i ewentualnie wykorzysta\u0107 ten czas na wspieranie dzieci w [&hellip;]<\/p>\n","protected":false},"author":102,"featured_media":0,"comment_status":"closed","ping_status":"closed","sticky":false,"template":"","format":"standard","meta":{"ngg_post_thumbnail":0,"footnotes":""},"categories":[3],"tags":[],"class_list":["post-1076","post","type-post","status-publish","format-standard","hentry","category-aktualnosci","clearfix"],"_links":{"self":[{"href":"https:\/\/przedszkole18.edu.wroclaw.pl\/index.php\/wp-json\/wp\/v2\/posts\/1076","targetHints":{"allow":["GET"]}}],"collection":[{"href":"https:\/\/przedszkole18.edu.wroclaw.pl\/index.php\/wp-json\/wp\/v2\/posts"}],"about":[{"href":"https:\/\/przedszkole18.edu.wroclaw.pl\/index.php\/wp-json\/wp\/v2\/types\/post"}],"author":[{"embeddable":true,"href":"https:\/\/przedszkole18.edu.wroclaw.pl\/index.php\/wp-json\/wp\/v2\/users\/102"}],"replies":[{"embeddable":true,"href":"https:\/\/przedszkole18.edu.wroclaw.pl\/index.php\/wp-json\/wp\/v2\/comments?post=1076"}],"version-history":[{"count":1,"href":"https:\/\/przedszkole18.edu.wroclaw.pl\/index.php\/wp-json\/wp\/v2\/posts\/1076\/revisions"}],"predecessor-version":[{"id":1081,"href":"https:\/\/przedszkole18.edu.wroclaw.pl\/index.php\/wp-json\/wp\/v2\/posts\/1076\/revisions\/1081"}],"wp:attachment":[{"href":"https:\/\/przedszkole18.edu.wroclaw.pl\/index.php\/wp-json\/wp\/v2\/media?parent=1076"}],"wp:term":[{"taxonomy":"category","embeddable":true,"href":"https:\/\/przedszkole18.edu.wroclaw.pl\/index.php\/wp-json\/wp\/v2\/categories?post=1076"},{"taxonomy":"post_tag","embeddable":true,"href":"https:\/\/przedszkole18.edu.wroclaw.pl\/index.php\/wp-json\/wp\/v2\/tags?post=1076"}],"curies":[{"name":"wp","href":"https:\/\/api.w.org\/{rel}","templated":true}]}}