
{"id":10760,"date":"2024-02-08T13:45:07","date_gmt":"2024-02-08T12:45:07","guid":{"rendered":"https:\/\/przedszkole18.edu.wroclaw.pl\/?p=10760"},"modified":"2024-02-08T13:47:09","modified_gmt":"2024-02-08T12:47:09","slug":"informacja-3","status":"publish","type":"post","link":"https:\/\/przedszkole18.edu.wroclaw.pl\/index.php\/2024\/02\/08\/informacja-3\/","title":{"rendered":"Informacja."},"content":{"rendered":"<p><span style=\"color: #000080\"><strong>Szanowni Pa\u0144stwo! <\/strong><\/span><\/p>\n<p><span style=\"color: #000080\"><strong>Na stronie internetowej w zak\u0142adce\u00a0 Dla rodzic\u00f3w\u00a0 &#8211; Rekrutacja,\u00a0 znajdziecie informacje dotycz\u0105ce rekrutacji na nowy rok szkolny 2024-2025\u00a0 do publicznych\u00a0 przedszkoli i szk\u00f3\u0142 podstawowych. Wszystkich zainteresowanych odsy\u0142am do artyku\u0142\u00f3w.\u00a0 Na werandzie\u00a0 przedszkola, znajdziecie\u00a0 plakaty z ofertami Szk\u00f3\u0142 Podstawowych,\u00a0 czerwona\u00a0 p\u00f3\u0142ka to miejsce gdzie znajdziecie\u00a0 bezp\u0142atny Biuletyn Wroc\u0142awia,\u00a0 w nim\u00a0 wszystkie wa\u017cne daty dotycz\u0105ce rekrutacji.\u00a0 <span style=\"color: #333399\">Pozdrawiam i \u017cycz\u0119 zdrowia.<\/span><\/strong> <\/span><\/p>\n","protected":false},"excerpt":{"rendered":"<p>Szanowni Pa\u0144stwo! Na stronie internetowej w zak\u0142adce\u00a0 Dla rodzic\u00f3w\u00a0 &#8211; Rekrutacja,\u00a0 znajdziecie informacje dotycz\u0105ce rekrutacji na nowy rok szkolny 2024-2025\u00a0 do publicznych\u00a0 przedszkoli i szk\u00f3\u0142 podstawowych. Wszystkich zainteresowanych odsy\u0142am do [&hellip;]<\/p>\n","protected":false},"author":115,"featured_media":9506,"comment_status":"closed","ping_status":"closed","sticky":false,"template":"","format":"standard","meta":{"ngg_post_thumbnail":0,"footnotes":""},"categories":[3],"tags":[],"class_list":["post-10760","post","type-post","status-publish","format-standard","has-post-thumbnail","hentry","category-aktualnosci","clearfix"],"_links":{"self":[{"href":"https:\/\/przedszkole18.edu.wroclaw.pl\/index.php\/wp-json\/wp\/v2\/posts\/10760","targetHints":{"allow":["GET"]}}],"collection":[{"href":"https:\/\/przedszkole18.edu.wroclaw.pl\/index.php\/wp-json\/wp\/v2\/posts"}],"about":[{"href":"https:\/\/przedszkole18.edu.wroclaw.pl\/index.php\/wp-json\/wp\/v2\/types\/post"}],"author":[{"embeddable":true,"href":"https:\/\/przedszkole18.edu.wroclaw.pl\/index.php\/wp-json\/wp\/v2\/users\/115"}],"replies":[{"embeddable":true,"href":"https:\/\/przedszkole18.edu.wroclaw.pl\/index.php\/wp-json\/wp\/v2\/comments?post=10760"}],"version-history":[{"count":3,"href":"https:\/\/przedszkole18.edu.wroclaw.pl\/index.php\/wp-json\/wp\/v2\/posts\/10760\/revisions"}],"predecessor-version":[{"id":10763,"href":"https:\/\/przedszkole18.edu.wroclaw.pl\/index.php\/wp-json\/wp\/v2\/posts\/10760\/revisions\/10763"}],"wp:featuredmedia":[{"embeddable":true,"href":"https:\/\/przedszkole18.edu.wroclaw.pl\/index.php\/wp-json\/wp\/v2\/media\/9506"}],"wp:attachment":[{"href":"https:\/\/przedszkole18.edu.wroclaw.pl\/index.php\/wp-json\/wp\/v2\/media?parent=10760"}],"wp:term":[{"taxonomy":"category","embeddable":true,"href":"https:\/\/przedszkole18.edu.wroclaw.pl\/index.php\/wp-json\/wp\/v2\/categories?post=10760"},{"taxonomy":"post_tag","embeddable":true,"href":"https:\/\/przedszkole18.edu.wroclaw.pl\/index.php\/wp-json\/wp\/v2\/tags?post=10760"}],"curies":[{"name":"wp","href":"https:\/\/api.w.org\/{rel}","templated":true}]}}