
{"id":10765,"date":"2024-02-08T13:55:32","date_gmt":"2024-02-08T12:55:32","guid":{"rendered":"https:\/\/przedszkole18.edu.wroclaw.pl\/?p=10765"},"modified":"2024-02-08T13:55:32","modified_gmt":"2024-02-08T12:55:32","slug":"zamowienia-publiczne","status":"publish","type":"post","link":"https:\/\/przedszkole18.edu.wroclaw.pl\/index.php\/2024\/02\/08\/zamowienia-publiczne\/","title":{"rendered":"Zam\u00f3wienia publiczne."},"content":{"rendered":"<p><span style=\"color: #003366\"><strong>Zgodnie z obowi\u0105zuj\u0105cymi przepisami prawa dotycz\u0105cymi udzielania zam\u00f3wie\u0144 publicznych,\u00a0 zamieszczam plan post\u0119powa\u0144 o udzielanie zam\u00f3wie\u0144 publicznych na rok 2024. <\/strong><em>Pozdrawiam. Dyrektor plac\u00f3wki Lidia Walczak-I\u017cycka <a href=\"https:\/\/przedszkole18.edu.wroclaw.pl\/wp-content\/uploads\/sites\/36\/2024\/02\/Plan-udzielania-zamowien-publicznych-na-2024r.pdf\">Plan udzielania zam\u00f3wie\u0144 publicznych na 2024r.<\/a><\/em> <\/span><\/p>\n","protected":false},"excerpt":{"rendered":"<p>Zgodnie z obowi\u0105zuj\u0105cymi przepisami prawa dotycz\u0105cymi udzielania zam\u00f3wie\u0144 publicznych,\u00a0 zamieszczam plan post\u0119powa\u0144 o udzielanie zam\u00f3wie\u0144 publicznych na rok 2024. Pozdrawiam. Dyrektor plac\u00f3wki Lidia Walczak-I\u017cycka Plan udzielania zam\u00f3wie\u0144 publicznych na 2024r.<\/p>\n","protected":false},"author":115,"featured_media":9508,"comment_status":"closed","ping_status":"closed","sticky":false,"template":"","format":"standard","meta":{"ngg_post_thumbnail":0,"footnotes":""},"categories":[3],"tags":[],"class_list":["post-10765","post","type-post","status-publish","format-standard","has-post-thumbnail","hentry","category-aktualnosci","clearfix"],"_links":{"self":[{"href":"https:\/\/przedszkole18.edu.wroclaw.pl\/index.php\/wp-json\/wp\/v2\/posts\/10765","targetHints":{"allow":["GET"]}}],"collection":[{"href":"https:\/\/przedszkole18.edu.wroclaw.pl\/index.php\/wp-json\/wp\/v2\/posts"}],"about":[{"href":"https:\/\/przedszkole18.edu.wroclaw.pl\/index.php\/wp-json\/wp\/v2\/types\/post"}],"author":[{"embeddable":true,"href":"https:\/\/przedszkole18.edu.wroclaw.pl\/index.php\/wp-json\/wp\/v2\/users\/115"}],"replies":[{"embeddable":true,"href":"https:\/\/przedszkole18.edu.wroclaw.pl\/index.php\/wp-json\/wp\/v2\/comments?post=10765"}],"version-history":[{"count":1,"href":"https:\/\/przedszkole18.edu.wroclaw.pl\/index.php\/wp-json\/wp\/v2\/posts\/10765\/revisions"}],"predecessor-version":[{"id":10766,"href":"https:\/\/przedszkole18.edu.wroclaw.pl\/index.php\/wp-json\/wp\/v2\/posts\/10765\/revisions\/10766"}],"wp:featuredmedia":[{"embeddable":true,"href":"https:\/\/przedszkole18.edu.wroclaw.pl\/index.php\/wp-json\/wp\/v2\/media\/9508"}],"wp:attachment":[{"href":"https:\/\/przedszkole18.edu.wroclaw.pl\/index.php\/wp-json\/wp\/v2\/media?parent=10765"}],"wp:term":[{"taxonomy":"category","embeddable":true,"href":"https:\/\/przedszkole18.edu.wroclaw.pl\/index.php\/wp-json\/wp\/v2\/categories?post=10765"},{"taxonomy":"post_tag","embeddable":true,"href":"https:\/\/przedszkole18.edu.wroclaw.pl\/index.php\/wp-json\/wp\/v2\/tags?post=10765"}],"curies":[{"name":"wp","href":"https:\/\/api.w.org\/{rel}","templated":true}]}}