
{"id":10787,"date":"2024-02-18T22:33:53","date_gmt":"2024-02-18T21:33:53","guid":{"rendered":"https:\/\/przedszkole18.edu.wroclaw.pl\/?p=10787"},"modified":"2024-02-18T22:34:42","modified_gmt":"2024-02-18T21:34:42","slug":"koncert-zimowy-2","status":"publish","type":"post","link":"https:\/\/przedszkole18.edu.wroclaw.pl\/index.php\/2024\/02\/18\/koncert-zimowy-2\/","title":{"rendered":"Koncert zimowy"},"content":{"rendered":"<p style=\"text-align: center\"><span style=\"font-size: 14pt\">Serdecznie zapraszamy na &#8222;Koncert zimowy&#8221;, kt\u00f3ry odb\u0119dzie si\u0119 w <strong>\u015brod\u0119, 21.02.2024 r. <\/strong>w sali grupy <strong>IV a<\/strong>. Podczas koncertu zaprezentuj\u0105 si\u0119 m\u0142odzi Arty\u015bci &#8211; dzieci ucz\u0105ce si\u0119 gra\u0107 na instrumentach (pianino, skrzypce, flet) w naszym przedszkolu.<\/span><\/p>\n<p style=\"text-align: center\"><span style=\"font-size: 14pt\">Godziny koncertu:<\/span><\/p>\n<p style=\"text-align: center\"><span style=\"font-size: 14pt\"><strong>15.30 &#8211; grupy III a i IV<\/strong><\/span><\/p>\n<p style=\"text-align: center\"><span style=\"font-size: 14pt\"><strong>16.20 &#8211; grupa IV a<\/strong><\/span><\/p>\n<p>&nbsp;<\/p>\n<p style=\"text-align: center\"><span style=\"font-size: 14pt\"><strong>Zapraszamy!<\/strong><\/span><\/p>\n","protected":false},"excerpt":{"rendered":"<p>Serdecznie zapraszamy na &#8222;Koncert zimowy&#8221;, kt\u00f3ry odb\u0119dzie si\u0119 w \u015brod\u0119, 21.02.2024 r. w sali grupy IV a. Podczas koncertu zaprezentuj\u0105 si\u0119 m\u0142odzi Arty\u015bci &#8211; dzieci ucz\u0105ce si\u0119 gra\u0107 na instrumentach [&hellip;]<\/p>\n","protected":false},"author":105,"featured_media":8601,"comment_status":"closed","ping_status":"closed","sticky":false,"template":"","format":"standard","meta":{"ngg_post_thumbnail":0,"footnotes":""},"categories":[3],"tags":[],"class_list":["post-10787","post","type-post","status-publish","format-standard","has-post-thumbnail","hentry","category-aktualnosci","clearfix"],"_links":{"self":[{"href":"https:\/\/przedszkole18.edu.wroclaw.pl\/index.php\/wp-json\/wp\/v2\/posts\/10787","targetHints":{"allow":["GET"]}}],"collection":[{"href":"https:\/\/przedszkole18.edu.wroclaw.pl\/index.php\/wp-json\/wp\/v2\/posts"}],"about":[{"href":"https:\/\/przedszkole18.edu.wroclaw.pl\/index.php\/wp-json\/wp\/v2\/types\/post"}],"author":[{"embeddable":true,"href":"https:\/\/przedszkole18.edu.wroclaw.pl\/index.php\/wp-json\/wp\/v2\/users\/105"}],"replies":[{"embeddable":true,"href":"https:\/\/przedszkole18.edu.wroclaw.pl\/index.php\/wp-json\/wp\/v2\/comments?post=10787"}],"version-history":[{"count":2,"href":"https:\/\/przedszkole18.edu.wroclaw.pl\/index.php\/wp-json\/wp\/v2\/posts\/10787\/revisions"}],"predecessor-version":[{"id":10789,"href":"https:\/\/przedszkole18.edu.wroclaw.pl\/index.php\/wp-json\/wp\/v2\/posts\/10787\/revisions\/10789"}],"wp:featuredmedia":[{"embeddable":true,"href":"https:\/\/przedszkole18.edu.wroclaw.pl\/index.php\/wp-json\/wp\/v2\/media\/8601"}],"wp:attachment":[{"href":"https:\/\/przedszkole18.edu.wroclaw.pl\/index.php\/wp-json\/wp\/v2\/media?parent=10787"}],"wp:term":[{"taxonomy":"category","embeddable":true,"href":"https:\/\/przedszkole18.edu.wroclaw.pl\/index.php\/wp-json\/wp\/v2\/categories?post=10787"},{"taxonomy":"post_tag","embeddable":true,"href":"https:\/\/przedszkole18.edu.wroclaw.pl\/index.php\/wp-json\/wp\/v2\/tags?post=10787"}],"curies":[{"name":"wp","href":"https:\/\/api.w.org\/{rel}","templated":true}]}}