
{"id":10799,"date":"2024-02-20T21:10:36","date_gmt":"2024-02-20T20:10:36","guid":{"rendered":"https:\/\/przedszkole18.edu.wroclaw.pl\/?p=10799"},"modified":"2024-02-20T21:10:36","modified_gmt":"2024-02-20T20:10:36","slug":"dzien-jezyka-ojczystego-3","status":"publish","type":"post","link":"https:\/\/przedszkole18.edu.wroclaw.pl\/index.php\/2024\/02\/20\/dzien-jezyka-ojczystego-3\/","title":{"rendered":"Dzie\u0144 J\u0119zyka Ojczystego"},"content":{"rendered":"<p>Szanowni rodzice. Przypominamy, \u017ce w dniu jutrzejszym, tj. w \u015brod\u0119 21.02.2024 odb\u0119d\u0105 si\u0119 w naszym przedszkolu obchody Dnia J\u0119zyka Ojczystego. Z tej okazji dzieci ze wszystkich grup b\u0119d\u0105 prezentowa\u0142y przygotowane wraz z nauczycielami teksty, na forum ca\u0142ego Przedszkola. Przypominamy o ubraniu dzieci w stroje w odpowiednich kolorach lub galowe.<\/p>\n<p>Logopeda Ma\u0142gorzata Michalska<\/p>\n","protected":false},"excerpt":{"rendered":"<p>Szanowni rodzice. Przypominamy, \u017ce w dniu jutrzejszym, tj. w \u015brod\u0119 21.02.2024 odb\u0119d\u0105 si\u0119 w naszym przedszkolu obchody Dnia J\u0119zyka Ojczystego. Z tej okazji dzieci ze wszystkich grup b\u0119d\u0105 prezentowa\u0142y przygotowane [&hellip;]<\/p>\n","protected":false},"author":119,"featured_media":8544,"comment_status":"closed","ping_status":"closed","sticky":false,"template":"","format":"standard","meta":{"ngg_post_thumbnail":0,"footnotes":""},"categories":[3],"tags":[],"class_list":["post-10799","post","type-post","status-publish","format-standard","has-post-thumbnail","hentry","category-aktualnosci","clearfix"],"_links":{"self":[{"href":"https:\/\/przedszkole18.edu.wroclaw.pl\/index.php\/wp-json\/wp\/v2\/posts\/10799","targetHints":{"allow":["GET"]}}],"collection":[{"href":"https:\/\/przedszkole18.edu.wroclaw.pl\/index.php\/wp-json\/wp\/v2\/posts"}],"about":[{"href":"https:\/\/przedszkole18.edu.wroclaw.pl\/index.php\/wp-json\/wp\/v2\/types\/post"}],"author":[{"embeddable":true,"href":"https:\/\/przedszkole18.edu.wroclaw.pl\/index.php\/wp-json\/wp\/v2\/users\/119"}],"replies":[{"embeddable":true,"href":"https:\/\/przedszkole18.edu.wroclaw.pl\/index.php\/wp-json\/wp\/v2\/comments?post=10799"}],"version-history":[{"count":1,"href":"https:\/\/przedszkole18.edu.wroclaw.pl\/index.php\/wp-json\/wp\/v2\/posts\/10799\/revisions"}],"predecessor-version":[{"id":10800,"href":"https:\/\/przedszkole18.edu.wroclaw.pl\/index.php\/wp-json\/wp\/v2\/posts\/10799\/revisions\/10800"}],"wp:featuredmedia":[{"embeddable":true,"href":"https:\/\/przedszkole18.edu.wroclaw.pl\/index.php\/wp-json\/wp\/v2\/media\/8544"}],"wp:attachment":[{"href":"https:\/\/przedszkole18.edu.wroclaw.pl\/index.php\/wp-json\/wp\/v2\/media?parent=10799"}],"wp:term":[{"taxonomy":"category","embeddable":true,"href":"https:\/\/przedszkole18.edu.wroclaw.pl\/index.php\/wp-json\/wp\/v2\/categories?post=10799"},{"taxonomy":"post_tag","embeddable":true,"href":"https:\/\/przedszkole18.edu.wroclaw.pl\/index.php\/wp-json\/wp\/v2\/tags?post=10799"}],"curies":[{"name":"wp","href":"https:\/\/api.w.org\/{rel}","templated":true}]}}