
{"id":10804,"date":"2024-02-23T14:11:55","date_gmt":"2024-02-23T13:11:55","guid":{"rendered":"https:\/\/przedszkole18.edu.wroclaw.pl\/?p=10804"},"modified":"2024-02-23T14:11:55","modified_gmt":"2024-02-23T13:11:55","slug":"obchody-dnia-jezyka-ojczystego-2","status":"publish","type":"post","link":"https:\/\/przedszkole18.edu.wroclaw.pl\/index.php\/2024\/02\/23\/obchody-dnia-jezyka-ojczystego-2\/","title":{"rendered":"Obchody Dnia J\u0119zyka Ojczystego"},"content":{"rendered":"<p>W dniu21.02.2024\u00a0 \u015bwi\u0119towali\u015bmy w naszym przedszkolu Dzie\u0144 J\u0119zyka Ojczystego. Imprez\u0119 prowadzili p. Ma\u0142gorzata Michalska &#8211; logopeda oraz p. Filip Koz\u0142owski &#8211; nauczyciel muzyki. W weso\u0142y i zabawny starali si\u0119 oni przekaza\u0107 dzieciom wiedz\u0119, na temat J\u0119zyka Ojczystego. Ponadto,\u00a0 w trakcie obchod\u00f3w dzieci ze wszystkich grup, prezentowa\u0142y przygotowane, pod kierunkiem swoich nauczycieli, utwory. Prowadzone te\u017c by\u0142y wsp\u00f3lne ta\u0144ce i zabawy, w trakcie kt\u00f3rych, wszyscy \u015bwietnie si\u0119 bawili. Na koniec dzieci oraz ich nauczyciele otrzymali dyplomy za przepi\u0119knie przygotowane wyst\u0119py. W trakcie ca\u0142ej imprezy panowa\u0142a radosna, przyjazna atmosfera, a nasi mali podopieczni \u015bwietnie si\u0119 bawili i uczyli jednocze\u015bnie.<\/p>\n<p><img loading=\"lazy\" decoding=\"async\" class=\"alignnone size-medium wp-image-10816\" src=\"https:\/\/przedszkole18.edu.wroclaw.pl\/wp-content\/uploads\/sites\/36\/2024\/02\/IMG-20240221-WA0076-225x300.jpg\" alt=\"\" width=\"225\" height=\"300\" \/><img loading=\"lazy\" decoding=\"async\" class=\"alignnone size-medium wp-image-10818\" src=\"https:\/\/przedszkole18.edu.wroclaw.pl\/wp-content\/uploads\/sites\/36\/2024\/02\/IMG-20240221-WA0038-300x225.jpg\" alt=\"\" width=\"300\" height=\"225\" \/><img loading=\"lazy\" decoding=\"async\" class=\"alignnone size-medium wp-image-10814\" src=\"https:\/\/przedszkole18.edu.wroclaw.pl\/wp-content\/uploads\/sites\/36\/2024\/02\/IMG-20240221-WA0036-1-225x300.jpg\" alt=\"\" width=\"225\" height=\"300\" \/><img loading=\"lazy\" decoding=\"async\" class=\"alignnone size-medium wp-image-10813\" src=\"https:\/\/przedszkole18.edu.wroclaw.pl\/wp-content\/uploads\/sites\/36\/2024\/02\/IMG-20240221-WA0024-1-300x225.jpg\" alt=\"\" width=\"300\" height=\"225\" srcset=\"https:\/\/przedszkole18.edu.wroclaw.pl\/wp-content\/uploads\/sites\/36\/2024\/02\/IMG-20240221-WA0024-1-300x225.jpg 300w, https:\/\/przedszkole18.edu.wroclaw.pl\/wp-content\/uploads\/sites\/36\/2024\/02\/IMG-20240221-WA0024-1-1024x768.jpg 1024w, https:\/\/przedszkole18.edu.wroclaw.pl\/wp-content\/uploads\/sites\/36\/2024\/02\/IMG-20240221-WA0024-1-768x576.jpg 768w, https:\/\/przedszkole18.edu.wroclaw.pl\/wp-content\/uploads\/sites\/36\/2024\/02\/IMG-20240221-WA0024-1-1536x1152.jpg 1536w, https:\/\/przedszkole18.edu.wroclaw.pl\/wp-content\/uploads\/sites\/36\/2024\/02\/IMG-20240221-WA0024-1.jpg 2048w\" sizes=\"auto, (max-width: 300px) 100vw, 300px\" \/><img loading=\"lazy\" decoding=\"async\" class=\"alignnone size-medium wp-image-10811\" src=\"https:\/\/przedszkole18.edu.wroclaw.pl\/wp-content\/uploads\/sites\/36\/2024\/02\/IMG-20240221-WA0036-225x300.jpg\" alt=\"\" width=\"225\" height=\"300\" \/><img loading=\"lazy\" decoding=\"async\" class=\"alignnone size-medium wp-image-10810\" src=\"https:\/\/przedszkole18.edu.wroclaw.pl\/wp-content\/uploads\/sites\/36\/2024\/02\/IMG-20240221-WA0016-300x225.jpg\" alt=\"\" width=\"300\" height=\"225\" \/><img loading=\"lazy\" decoding=\"async\" class=\"alignnone size-medium wp-image-10808\" src=\"https:\/\/przedszkole18.edu.wroclaw.pl\/wp-content\/uploads\/sites\/36\/2024\/02\/IMG-20240221-WA0007-225x300.jpg\" alt=\"\" width=\"225\" height=\"300\" \/><img loading=\"lazy\" decoding=\"async\" class=\"alignnone size-medium wp-image-10807\" src=\"https:\/\/przedszkole18.edu.wroclaw.pl\/wp-content\/uploads\/sites\/36\/2024\/02\/IMG-20240221-WA0006-300x225.jpg\" alt=\"\" width=\"300\" height=\"225\" srcset=\"https:\/\/przedszkole18.edu.wroclaw.pl\/wp-content\/uploads\/sites\/36\/2024\/02\/IMG-20240221-WA0006-300x225.jpg 300w, https:\/\/przedszkole18.edu.wroclaw.pl\/wp-content\/uploads\/sites\/36\/2024\/02\/IMG-20240221-WA0006-1024x768.jpg 1024w, https:\/\/przedszkole18.edu.wroclaw.pl\/wp-content\/uploads\/sites\/36\/2024\/02\/IMG-20240221-WA0006-768x576.jpg 768w, https:\/\/przedszkole18.edu.wroclaw.pl\/wp-content\/uploads\/sites\/36\/2024\/02\/IMG-20240221-WA0006-1536x1152.jpg 1536w, https:\/\/przedszkole18.edu.wroclaw.pl\/wp-content\/uploads\/sites\/36\/2024\/02\/IMG-20240221-WA0006.jpg 2048w\" sizes=\"auto, (max-width: 300px) 100vw, 300px\" \/>Logopeda Ma\u0142gorzata Michalska<\/p>\n","protected":false},"excerpt":{"rendered":"<p>W dniu21.02.2024\u00a0 \u015bwi\u0119towali\u015bmy w naszym przedszkolu Dzie\u0144 J\u0119zyka Ojczystego. Imprez\u0119 prowadzili p. Ma\u0142gorzata Michalska &#8211; logopeda oraz p. Filip Koz\u0142owski &#8211; nauczyciel muzyki. W weso\u0142y i zabawny starali si\u0119 oni [&hellip;]<\/p>\n","protected":false},"author":119,"featured_media":0,"comment_status":"closed","ping_status":"closed","sticky":false,"template":"","format":"standard","meta":{"ngg_post_thumbnail":0,"footnotes":""},"categories":[3],"tags":[],"class_list":["post-10804","post","type-post","status-publish","format-standard","hentry","category-aktualnosci","clearfix"],"_links":{"self":[{"href":"https:\/\/przedszkole18.edu.wroclaw.pl\/index.php\/wp-json\/wp\/v2\/posts\/10804","targetHints":{"allow":["GET"]}}],"collection":[{"href":"https:\/\/przedszkole18.edu.wroclaw.pl\/index.php\/wp-json\/wp\/v2\/posts"}],"about":[{"href":"https:\/\/przedszkole18.edu.wroclaw.pl\/index.php\/wp-json\/wp\/v2\/types\/post"}],"author":[{"embeddable":true,"href":"https:\/\/przedszkole18.edu.wroclaw.pl\/index.php\/wp-json\/wp\/v2\/users\/119"}],"replies":[{"embeddable":true,"href":"https:\/\/przedszkole18.edu.wroclaw.pl\/index.php\/wp-json\/wp\/v2\/comments?post=10804"}],"version-history":[{"count":1,"href":"https:\/\/przedszkole18.edu.wroclaw.pl\/index.php\/wp-json\/wp\/v2\/posts\/10804\/revisions"}],"predecessor-version":[{"id":10819,"href":"https:\/\/przedszkole18.edu.wroclaw.pl\/index.php\/wp-json\/wp\/v2\/posts\/10804\/revisions\/10819"}],"wp:attachment":[{"href":"https:\/\/przedszkole18.edu.wroclaw.pl\/index.php\/wp-json\/wp\/v2\/media?parent=10804"}],"wp:term":[{"taxonomy":"category","embeddable":true,"href":"https:\/\/przedszkole18.edu.wroclaw.pl\/index.php\/wp-json\/wp\/v2\/categories?post=10804"},{"taxonomy":"post_tag","embeddable":true,"href":"https:\/\/przedszkole18.edu.wroclaw.pl\/index.php\/wp-json\/wp\/v2\/tags?post=10804"}],"curies":[{"name":"wp","href":"https:\/\/api.w.org\/{rel}","templated":true}]}}