
{"id":10834,"date":"2024-03-03T10:48:52","date_gmt":"2024-03-03T09:48:52","guid":{"rendered":"https:\/\/przedszkole18.edu.wroclaw.pl\/?p=10834"},"modified":"2024-03-03T10:57:38","modified_gmt":"2024-03-03T09:57:38","slug":"wroclawski-festiwal-tanczacych-przedszkolakow","status":"publish","type":"post","link":"https:\/\/przedszkole18.edu.wroclaw.pl\/index.php\/2024\/03\/03\/wroclawski-festiwal-tanczacych-przedszkolakow\/","title":{"rendered":"Wroc\u0142awski Festiwal Ta\u0144cz\u0105cych Przedszkolak\u00f3w."},"content":{"rendered":"<p><span style=\"color: #000080\"><strong>Wszystkie zainteresowane niepubliczne plac\u00f3wki przedszkolne.<\/strong><\/span><\/p>\n<p><span style=\"color: #000080\"><strong> Zgodnie z wcze\u015bniejszymi informacjami, przesy\u0142am Pa\u0144stwu kart\u0119 zg\u0142oszenia i regulamin Wroc\u0142awskiego Festiwalu Ta\u0144cz\u0105cych Przedszkolak\u00f3w, kt\u00f3rego organizatorami jeste\u015bmy od 21 lat. Zapraszamy wszystkich ch\u0119tnych do wzi\u0119cia udzia\u0142u w naszym wydarzeniu. Na wspomnianych dokumentach znajdziecie Pa\u0144stwo telefon kontaktowy do plac\u00f3wki. <a href=\"https:\/\/przedszkole18.edu.wroclaw.pl\/wp-content\/uploads\/sites\/36\/2024\/03\/Regulamin.doc\">Regulamin<\/a><\/strong><\/span><\/p>\n<p><a href=\"https:\/\/przedszkole18.edu.wroclaw.pl\/wp-content\/uploads\/sites\/36\/2024\/03\/KARTA-ZGLOSZENIA-2023-2024.doc\">KARTA ZG\u0141OSZENIA 2023-2024<\/a><\/p>\n","protected":false},"excerpt":{"rendered":"<p>Wszystkie zainteresowane niepubliczne plac\u00f3wki przedszkolne. Zgodnie z wcze\u015bniejszymi informacjami, przesy\u0142am Pa\u0144stwu kart\u0119 zg\u0142oszenia i regulamin Wroc\u0142awskiego Festiwalu Ta\u0144cz\u0105cych Przedszkolak\u00f3w, kt\u00f3rego organizatorami jeste\u015bmy od 21 lat. Zapraszamy wszystkich ch\u0119tnych do wzi\u0119cia [&hellip;]<\/p>\n","protected":false},"author":115,"featured_media":10836,"comment_status":"closed","ping_status":"closed","sticky":false,"template":"","format":"standard","meta":{"ngg_post_thumbnail":0,"footnotes":""},"categories":[3],"tags":[],"class_list":["post-10834","post","type-post","status-publish","format-standard","has-post-thumbnail","hentry","category-aktualnosci","clearfix"],"_links":{"self":[{"href":"https:\/\/przedszkole18.edu.wroclaw.pl\/index.php\/wp-json\/wp\/v2\/posts\/10834","targetHints":{"allow":["GET"]}}],"collection":[{"href":"https:\/\/przedszkole18.edu.wroclaw.pl\/index.php\/wp-json\/wp\/v2\/posts"}],"about":[{"href":"https:\/\/przedszkole18.edu.wroclaw.pl\/index.php\/wp-json\/wp\/v2\/types\/post"}],"author":[{"embeddable":true,"href":"https:\/\/przedszkole18.edu.wroclaw.pl\/index.php\/wp-json\/wp\/v2\/users\/115"}],"replies":[{"embeddable":true,"href":"https:\/\/przedszkole18.edu.wroclaw.pl\/index.php\/wp-json\/wp\/v2\/comments?post=10834"}],"version-history":[{"count":1,"href":"https:\/\/przedszkole18.edu.wroclaw.pl\/index.php\/wp-json\/wp\/v2\/posts\/10834\/revisions"}],"predecessor-version":[{"id":10835,"href":"https:\/\/przedszkole18.edu.wroclaw.pl\/index.php\/wp-json\/wp\/v2\/posts\/10834\/revisions\/10835"}],"wp:featuredmedia":[{"embeddable":true,"href":"https:\/\/przedszkole18.edu.wroclaw.pl\/index.php\/wp-json\/wp\/v2\/media\/10836"}],"wp:attachment":[{"href":"https:\/\/przedszkole18.edu.wroclaw.pl\/index.php\/wp-json\/wp\/v2\/media?parent=10834"}],"wp:term":[{"taxonomy":"category","embeddable":true,"href":"https:\/\/przedszkole18.edu.wroclaw.pl\/index.php\/wp-json\/wp\/v2\/categories?post=10834"},{"taxonomy":"post_tag","embeddable":true,"href":"https:\/\/przedszkole18.edu.wroclaw.pl\/index.php\/wp-json\/wp\/v2\/tags?post=10834"}],"curies":[{"name":"wp","href":"https:\/\/api.w.org\/{rel}","templated":true}]}}