
{"id":10847,"date":"2024-03-06T15:07:22","date_gmt":"2024-03-06T14:07:22","guid":{"rendered":"https:\/\/przedszkole18.edu.wroclaw.pl\/?p=10847"},"modified":"2024-03-06T15:09:37","modified_gmt":"2024-03-06T14:09:37","slug":"dzien-otwarty","status":"publish","type":"post","link":"https:\/\/przedszkole18.edu.wroclaw.pl\/index.php\/2024\/03\/06\/dzien-otwarty\/","title":{"rendered":"Dzie\u0144 otwarty !"},"content":{"rendered":"<p><span style=\"font-size: 14pt;color: #800080\"><strong>Rekrutacja na\u00a0 nowy rok szkolny 2024\/2025\u00a0 do dobry pow\u00f3d do zaproszenia wszystkich zainteresowanych nasz\u0105 plac\u00f3wka na spotkanie. Poruszymy wszystkie zagadnienia dotycz\u0105ce systemu rekrutacji, przedstawimy\u00a0 ofert\u0119 edukacyjn\u0105. <\/strong><\/span><\/p>\n<p><span style=\"font-size: 14pt;color: #800080\"><strong>Na spotkanie zabierzcie przysz\u0142ych, ma\u0142ych wychowank\u00f3w, b\u0119d\u0105 mieli okazj\u0119\u00a0 pozna\u0107 przedszkole. Prosz\u0119\u00a0 jedynie o zapewnienie dzieciom zmiennego obuwia.<\/strong><\/span><\/p>\n<p><span style=\"font-size: 14pt;color: #800080\"><strong> Spotkanie odb\u0119dzie si\u0119 14 marca w godzinach od 17.00 do 18.30 Zapraszamy serdecznie.\u00a0 <\/strong><span style=\"color: #666699;font-size: 12pt\">Dyrektor plac\u00f3wki Lidia Walczak-I\u017cycka\u00a0 \u00a0<\/span> <\/span><\/p>\n","protected":false},"excerpt":{"rendered":"<p>Rekrutacja na\u00a0 nowy rok szkolny 2024\/2025\u00a0 do dobry pow\u00f3d do zaproszenia wszystkich zainteresowanych nasz\u0105 plac\u00f3wka na spotkanie. Poruszymy wszystkie zagadnienia dotycz\u0105ce systemu rekrutacji, przedstawimy\u00a0 ofert\u0119 edukacyjn\u0105. Na spotkanie zabierzcie przysz\u0142ych, [&hellip;]<\/p>\n","protected":false},"author":115,"featured_media":9507,"comment_status":"closed","ping_status":"closed","sticky":false,"template":"","format":"standard","meta":{"ngg_post_thumbnail":0,"footnotes":""},"categories":[3],"tags":[],"class_list":["post-10847","post","type-post","status-publish","format-standard","has-post-thumbnail","hentry","category-aktualnosci","clearfix"],"_links":{"self":[{"href":"https:\/\/przedszkole18.edu.wroclaw.pl\/index.php\/wp-json\/wp\/v2\/posts\/10847","targetHints":{"allow":["GET"]}}],"collection":[{"href":"https:\/\/przedszkole18.edu.wroclaw.pl\/index.php\/wp-json\/wp\/v2\/posts"}],"about":[{"href":"https:\/\/przedszkole18.edu.wroclaw.pl\/index.php\/wp-json\/wp\/v2\/types\/post"}],"author":[{"embeddable":true,"href":"https:\/\/przedszkole18.edu.wroclaw.pl\/index.php\/wp-json\/wp\/v2\/users\/115"}],"replies":[{"embeddable":true,"href":"https:\/\/przedszkole18.edu.wroclaw.pl\/index.php\/wp-json\/wp\/v2\/comments?post=10847"}],"version-history":[{"count":3,"href":"https:\/\/przedszkole18.edu.wroclaw.pl\/index.php\/wp-json\/wp\/v2\/posts\/10847\/revisions"}],"predecessor-version":[{"id":10851,"href":"https:\/\/przedszkole18.edu.wroclaw.pl\/index.php\/wp-json\/wp\/v2\/posts\/10847\/revisions\/10851"}],"wp:featuredmedia":[{"embeddable":true,"href":"https:\/\/przedszkole18.edu.wroclaw.pl\/index.php\/wp-json\/wp\/v2\/media\/9507"}],"wp:attachment":[{"href":"https:\/\/przedszkole18.edu.wroclaw.pl\/index.php\/wp-json\/wp\/v2\/media?parent=10847"}],"wp:term":[{"taxonomy":"category","embeddable":true,"href":"https:\/\/przedszkole18.edu.wroclaw.pl\/index.php\/wp-json\/wp\/v2\/categories?post=10847"},{"taxonomy":"post_tag","embeddable":true,"href":"https:\/\/przedszkole18.edu.wroclaw.pl\/index.php\/wp-json\/wp\/v2\/tags?post=10847"}],"curies":[{"name":"wp","href":"https:\/\/api.w.org\/{rel}","templated":true}]}}