
{"id":10857,"date":"2024-03-07T12:57:14","date_gmt":"2024-03-07T11:57:14","guid":{"rendered":"https:\/\/przedszkole18.edu.wroclaw.pl\/?p=10857"},"modified":"2024-03-07T14:20:40","modified_gmt":"2024-03-07T13:20:40","slug":"wazne-deklaracja-na-nowy-rok-szkolny","status":"publish","type":"post","link":"https:\/\/przedszkole18.edu.wroclaw.pl\/index.php\/2024\/03\/07\/wazne-deklaracja-na-nowy-rok-szkolny\/","title":{"rendered":"Wa\u017cne! Deklaracja na nowy rok szkolny."},"content":{"rendered":"<p><span style=\"font-size: 14pt;color: #000080\"><strong>Drodzy Pa\u0144stwo.<\/strong><\/span><\/p>\n<p><span style=\"font-size: 14pt;color: #000080\">Z uwagi na rozpoczynaj\u0105c\u0105 si\u0119 rekrutacj\u0119 na nowy rok szkolny, prosz\u0119 o wype\u0142nienie i dostarczenie do przedszkola\u00a0 w dniach 08 &#8211; 14.03.2024r., deklaracji o kontynuacji wychowania przedszkolnego w naszej plac\u00f3wce. Deklaracja dotyczy dzieci z grup I, II, III a.Pa\u0144stwa deklaracje pozwoli nam na okre\u015blenie ilo\u015bci miejsc do naszego przedszkola na nowy rok szkolny. <\/span><\/p>\n<p><span style=\"font-size: 14pt;color: #000080\">Ci z Pa\u0144stwa, kt\u00f3rzy\u00a0 zmieniaj\u0105 przedszkole, tak\u017ce wype\u0142niaj\u0105 deklaracj\u0119 dopisuj\u0105c do niej s\u0142owa &#8222;NIE DEKLARUJ\u0118&#8221;\u00a0 tylko na tej podstawie, b\u0119dzie mo\u017cna uwolni\u0107 Pa\u0144stwa dzieci z naszego systemu, aby\u015bcie mogli z dniem rozpocz\u0119cia rekrutacji z\u0142o\u017cy\u0107 dokumenty\u00a0\u00a0 w innej plac\u00f3wce.\u00a0<\/span><\/p>\n<p><span style=\"font-size: 14pt;color: #000080\">Deklaracje b\u0119d\u0105 dost\u0119pne w holu przedszkola i tu <strong><a style=\"color: #000080\" href=\"https:\/\/przedszkole18.edu.wroclaw.pl\/wp-content\/uploads\/sites\/36\/2024\/03\/DEKLARACJA-O-KONTYNUOWANIU-WYCHOWANIA-PRZEDSZKOLNEGO-P-1-1.doc\">DEKLARACJA O KONTYNUOWANIU WYCHOWANIA PRZEDSZKOLNEGO P (1) (1)<\/a><\/strong>do\u00a0 pobrania. <\/span><\/p>\n<p><span style=\"font-size: 14pt;color: #000080\">Prosz\u0119 wype\u0142ni\u0107 i wrzuci\u0107 do przygotowanej skrzynki. <span style=\"color: #666699\">Pozdrawiam i \u017cycz\u0119 zdrowia. Dyrektor plac\u00f3wki Lidia Walczak-I\u017cycka<\/span> <\/span><\/p>\n<p>&nbsp;<\/p>\n","protected":false},"excerpt":{"rendered":"<p>Drodzy Pa\u0144stwo. Z uwagi na rozpoczynaj\u0105c\u0105 si\u0119 rekrutacj\u0119 na nowy rok szkolny, prosz\u0119 o wype\u0142nienie i dostarczenie do przedszkola\u00a0 w dniach 08 &#8211; 14.03.2024r., deklaracji o kontynuacji wychowania przedszkolnego w [&hellip;]<\/p>\n","protected":false},"author":115,"featured_media":9506,"comment_status":"closed","ping_status":"closed","sticky":false,"template":"","format":"standard","meta":{"ngg_post_thumbnail":0,"footnotes":""},"categories":[3],"tags":[],"class_list":["post-10857","post","type-post","status-publish","format-standard","has-post-thumbnail","hentry","category-aktualnosci","clearfix"],"_links":{"self":[{"href":"https:\/\/przedszkole18.edu.wroclaw.pl\/index.php\/wp-json\/wp\/v2\/posts\/10857","targetHints":{"allow":["GET"]}}],"collection":[{"href":"https:\/\/przedszkole18.edu.wroclaw.pl\/index.php\/wp-json\/wp\/v2\/posts"}],"about":[{"href":"https:\/\/przedszkole18.edu.wroclaw.pl\/index.php\/wp-json\/wp\/v2\/types\/post"}],"author":[{"embeddable":true,"href":"https:\/\/przedszkole18.edu.wroclaw.pl\/index.php\/wp-json\/wp\/v2\/users\/115"}],"replies":[{"embeddable":true,"href":"https:\/\/przedszkole18.edu.wroclaw.pl\/index.php\/wp-json\/wp\/v2\/comments?post=10857"}],"version-history":[{"count":2,"href":"https:\/\/przedszkole18.edu.wroclaw.pl\/index.php\/wp-json\/wp\/v2\/posts\/10857\/revisions"}],"predecessor-version":[{"id":10867,"href":"https:\/\/przedszkole18.edu.wroclaw.pl\/index.php\/wp-json\/wp\/v2\/posts\/10857\/revisions\/10867"}],"wp:featuredmedia":[{"embeddable":true,"href":"https:\/\/przedszkole18.edu.wroclaw.pl\/index.php\/wp-json\/wp\/v2\/media\/9506"}],"wp:attachment":[{"href":"https:\/\/przedszkole18.edu.wroclaw.pl\/index.php\/wp-json\/wp\/v2\/media?parent=10857"}],"wp:term":[{"taxonomy":"category","embeddable":true,"href":"https:\/\/przedszkole18.edu.wroclaw.pl\/index.php\/wp-json\/wp\/v2\/categories?post=10857"},{"taxonomy":"post_tag","embeddable":true,"href":"https:\/\/przedszkole18.edu.wroclaw.pl\/index.php\/wp-json\/wp\/v2\/tags?post=10857"}],"curies":[{"name":"wp","href":"https:\/\/api.w.org\/{rel}","templated":true}]}}