
{"id":1087,"date":"2020-04-08T08:11:41","date_gmt":"2020-04-08T06:11:41","guid":{"rendered":"https:\/\/przedszkole18.edu.wroclaw.pl\/?p=1087"},"modified":"2020-04-08T08:13:00","modified_gmt":"2020-04-08T06:13:00","slug":"jak-chwalic-dziecko","status":"publish","type":"post","link":"https:\/\/przedszkole18.edu.wroclaw.pl\/index.php\/2020\/04\/08\/jak-chwalic-dziecko\/","title":{"rendered":"Jak chwali\u0107 dziecko?"},"content":{"rendered":"<p><span style=\"color: #000000;font-size: 14pt\">Ka\u017cdy z nas, zar\u00f3wno du\u017cy jak i ma\u0142y lubi by\u0107 CHWALONY.POCHWA\u0141Y, p\u0142yn\u0105ce z zewn\u0105trz, od innych ludzi \u00a0wzmacniaj\u0105 nasz\u0105 samoocen\u0119 oraz poczucie warto\u015bci i wa\u017cno\u015bci. Stanowi\u0105 silny bodziec motywuj\u0105cy do dzia\u0142ania czy zmiany zachowania.<\/span><\/p>\n<p><span style=\"color: #000000;font-size: 14pt\"><strong>Czym jest<\/strong> <strong><em>POCHWA\u0141A<\/em><\/strong><em>?<\/em> To wed\u0142ug <em>Popularnego S\u0142ownika J\u0119zyka Polskiego<\/em> \u201ewypowied\u017a wyra\u017caj\u0105ca uznanie dla kogo\u015b lub czego\u015b, podkre\u015blaj\u0105ca zalety kogo\u015b lub czego\u015b\u201d a <strong><em>POCHWALI\u0106<\/em> \u00a0<\/strong>to \u201e m\u00f3wi\u0107 o kim\u015b, czym\u015b w spos\u00f3b wyra\u017caj\u0105cy pozytywn\u0105, wysok\u0105 ocen\u0119, uznanie\u201d.<\/span><\/p>\n<p><span style=\"color: #000000;font-size: 14pt\"><strong><em>Pierwsze prawo CHWALENIA- <\/em><u>je\u015bli chcesz mie\u0107 dobre dziecko, to chwal je wiele razy w ci\u0105gu dnia!<\/u><\/strong><\/span><\/p>\n<p><span style=\"color: #000000;font-size: 14pt\">A je\u015bli my\u015blisz, \u017ce nie masz za co, to wymy\u015bl, za co:<\/span><\/p>\n<ul>\n<li><span style=\"color: #000000;font-size: 14pt\">za podanie Ci gazety<\/span><\/li>\n<li><span style=\"color: #000000;font-size: 14pt\">przyniesienie kubka z herbat\u0105<\/span><\/li>\n<li><span style=\"color: #000000;font-size: 14pt\">roz\u0142o\u017cenie sztu\u0107c\u00f3w itp.<\/span><\/li>\n<\/ul>\n<p><span style=\"color: #000000;font-size: 14pt\"><strong><em>Sztuka CHWALENIA:<\/em><\/strong><\/span><\/p>\n<ul>\n<li><span style=\"color: #000000;font-size: 14pt\"><strong>Opisz, co widzisz- <\/strong>widz\u0119, \u017ce pami\u0119tasz o obowi\u0105zkach\u2026<\/span><\/li>\n<li><span style=\"color: #000000;font-size: 14pt\"><strong>Opisz, co czujesz-<\/strong> jak mi mi\u0142o, gdy nie musz\u0119 przypomina\u0107 i powtarza\u0107, co masz robi\u0107<\/span><\/li>\n<li><span style=\"color: #000000;font-size: 14pt\"><strong>Podsumuj godne pochwa\u0142y zachowanie dziecka-<\/strong> ciesz\u0119 si\u0119, \u017ce jeste\u015b odpowiedzialnym ch\u0142opcem\/ odpowiedzialn\u0105 dziewczynk\u0105\u2026 dobrym pomocnikiem\u2026 dobrym koleg\u0105\/ kole\u017cank\u0105 itp.<\/span><\/li>\n<\/ul>\n<p><span style=\"color: #000000;font-size: 14pt\"><strong>Jak CHWALI\u0106 dziecko?<\/strong><\/span><\/p>\n<ul>\n<li><span style=\"color: #000000;font-size: 14pt\">B\u0105d\u017a konkretny\/na, opisuj zachowanie, kt\u00f3re chcesz POCHWALI\u0106<\/span><\/li>\n<li><span style=\"color: #000000;font-size: 14pt\">CHWAL natychmiast po dobrym zachowaniu<\/span><\/li>\n<li><span style=\"color: #000000;font-size: 14pt\">CHWAL pozytywnie, bez z\u0142o\u015bliwo\u015bci<\/span><\/li>\n<li><span style=\"color: #000000;font-size: 14pt\">Poka\u017c u\u015bmiechem, przytuleniem dziecka, \u017ce si\u0119 cieszysz- poca\u0142uj, obejmij<\/span><\/li>\n<li><span style=\"color: #000000;font-size: 14pt\">Zauwa\u017c, w czym dziecko jest dobre, nie czekaj\u0105c na zachowanie perfekcyjne<\/span><\/li>\n<li><span style=\"color: #000000;font-size: 14pt\">CHWAL zw\u0142aszcza wtedy, gdy dziecko zmienia zachowanie, na kt\u00f3rym Ci zale\u017cy<\/span><\/li>\n<li><span style=\"color: #000000;font-size: 14pt\">Wyra\u017caj si\u0119 pochlebnie o dziecku w obecno\u015bci innych<\/span><\/li>\n<li><span style=\"color: #000000;font-size: 14pt\">M\u00f3wienie dziecku np. po rodzinnej imprezie: by\u0142e\u015b\/a\u015b grzeczny\/a, pos\u0142uszny\/a niewiele m\u00f3wi, bo nie wiadomo kiedy i w jakim momencie rodzic by\u0142 zadowolony z dziecka<\/span><\/li>\n<\/ul>\n<p><span style=\"color: #000000;font-size: 14pt\"><strong>Pu\u0142apki CHWALENIA:<\/strong><\/span><\/p>\n<ul>\n<li><span style=\"color: #000000;font-size: 14pt\">Nierealno\u015b\u0107 POCHWA\u0141- m\u00f3w to, w co sam naprawd\u0119 wierzysz<\/span><\/li>\n<li><span style=\"color: #000000;font-size: 14pt\">Reakcja innych os\u00f3b- CHWAL tak, aby inni nie mogli tego podwa\u017cy\u0107<\/span><\/li>\n<li><span style=\"color: #000000;font-size: 14pt\">Brak umiej\u0119tno\u015bci szybkiego uzasadniania- czy umiesz odpowiedzie\u0107, gdy kto\u015b zapyta: \u201eA dlaczego tak uwa\u017casz?\u201d<\/span><\/li>\n<li><span style=\"color: #000000;font-size: 14pt\">\u0141\u0105czenie CHWALENIA i wychowywania- \u201e\u015awietnie sobie poradzi\u0142e\u015b\/a\u015b z zadaniem, ale zobacz ile b\u0142\u0119d\u00f3w w odpowiedzi\u201d<\/span><\/li>\n<li><span style=\"color: #000000;font-size: 14pt\">POCHWA\u0141A jako jawna krytyka, czyli \u201enie\u201d w POCHWALE- \u201eNie rozmawia\u0142e\u015b\/a\u015b dzi\u015b na lekcji\u201d, \u201eNie zapomnia\u0142e\u015b\/a\u015b posprz\u0105ta\u0107\u201d<\/span><\/li>\n<li><span style=\"color: #000000;font-size: 14pt\">POCHWA\u0141A z aluzj\u0105 i ironi\u0105: \u201eO!, Jak \u015bwietnie ci idzie! Nie jeste\u015b taki g\u0142upi\/ia!\u201d Dzieci nadpobudliwe, opozycyjno- buntownicze s\u0105 bardzo wra\u017cliwe na swoim punkcie<\/span><\/li>\n<\/ul>\n<p><span style=\"color: #000000;font-size: 14pt\"><strong>Zakazane s\u0142owa:<\/strong><\/span><\/p>\n<ul>\n<li><span style=\"color: #000000;font-size: 14pt\">Tym razem dobrze Ci posz\u0142o<\/span><\/li>\n<li><span style=\"color: #000000;font-size: 14pt\">W ko\u0144cu uda\u0142o Ci si\u0119 sko\u0144czy\u0107 to zadanie<\/span><\/li>\n<li><span style=\"color: #000000;font-size: 14pt\">Zrobi\u0142e\u015b prawie dobrze jak brat<\/span><\/li>\n<li><span style=\"color: #000000;font-size: 14pt\">O! wreszcie masz wszystko co trzeba<\/span><\/li>\n<li><span style=\"color: #000000;font-size: 14pt\">Nareszcie zacz\u0105\u0142e\u015b pracowa\u0107<\/span><\/li>\n<li><span style=\"color: #000000;font-size: 14pt\">Tylko dwa razy w tym tygodniu by\u0142e\u015b sp\u00f3\u017aniony<\/span><\/li>\n<li><span style=\"color: #000000;font-size: 14pt\">Synku, a\u017c dwa razy w tym tygodniu po\u015bcieli\u0142e\u015b \u0142\u00f3\u017cko<\/span><\/li>\n<li><span style=\"color: #000000;font-size: 14pt\">Widzisz, jak chcesz to potrafisz<\/span><\/li>\n<li><span style=\"color: #000000;font-size: 14pt\">M\u00f3g\u0142by\u015b tak zawsze pomaga\u0107 mamusi<\/span><\/li>\n<li><span style=\"color: #000000;font-size: 14pt\">Ca\u0142kiem nie\u017ale to wykona\u0142e\u015b<\/span><\/li>\n<li><span style=\"color: #000000;font-size: 14pt\">Widzisz, starasz si\u0119 i to zadanie wysz\u0142o ci prawie dobrze<\/span><\/li>\n<\/ul>\n<p><span style=\"color: #000080;font-size: 14pt\"><em>Opracowanie: Dorota Margan w oparciu o materia\u0142y szkoleniowe Centrum Terapii i Edukacji Psychologiczno- Pedagogicznej Anima<\/em><\/span><\/p>\n","protected":false},"excerpt":{"rendered":"<p>Ka\u017cdy z nas, zar\u00f3wno du\u017cy jak i ma\u0142y lubi by\u0107 CHWALONY.POCHWA\u0141Y, p\u0142yn\u0105ce z zewn\u0105trz, od innych ludzi \u00a0wzmacniaj\u0105 nasz\u0105 samoocen\u0119 oraz poczucie warto\u015bci i wa\u017cno\u015bci. Stanowi\u0105 silny bodziec motywuj\u0105cy do [&hellip;]<\/p>\n","protected":false},"author":108,"featured_media":0,"comment_status":"closed","ping_status":"closed","sticky":false,"template":"","format":"standard","meta":{"ngg_post_thumbnail":0,"footnotes":""},"categories":[3],"tags":[],"class_list":["post-1087","post","type-post","status-publish","format-standard","hentry","category-aktualnosci","clearfix"],"_links":{"self":[{"href":"https:\/\/przedszkole18.edu.wroclaw.pl\/index.php\/wp-json\/wp\/v2\/posts\/1087","targetHints":{"allow":["GET"]}}],"collection":[{"href":"https:\/\/przedszkole18.edu.wroclaw.pl\/index.php\/wp-json\/wp\/v2\/posts"}],"about":[{"href":"https:\/\/przedszkole18.edu.wroclaw.pl\/index.php\/wp-json\/wp\/v2\/types\/post"}],"author":[{"embeddable":true,"href":"https:\/\/przedszkole18.edu.wroclaw.pl\/index.php\/wp-json\/wp\/v2\/users\/108"}],"replies":[{"embeddable":true,"href":"https:\/\/przedszkole18.edu.wroclaw.pl\/index.php\/wp-json\/wp\/v2\/comments?post=1087"}],"version-history":[{"count":2,"href":"https:\/\/przedszkole18.edu.wroclaw.pl\/index.php\/wp-json\/wp\/v2\/posts\/1087\/revisions"}],"predecessor-version":[{"id":1090,"href":"https:\/\/przedszkole18.edu.wroclaw.pl\/index.php\/wp-json\/wp\/v2\/posts\/1087\/revisions\/1090"}],"wp:attachment":[{"href":"https:\/\/przedszkole18.edu.wroclaw.pl\/index.php\/wp-json\/wp\/v2\/media?parent=1087"}],"wp:term":[{"taxonomy":"category","embeddable":true,"href":"https:\/\/przedszkole18.edu.wroclaw.pl\/index.php\/wp-json\/wp\/v2\/categories?post=1087"},{"taxonomy":"post_tag","embeddable":true,"href":"https:\/\/przedszkole18.edu.wroclaw.pl\/index.php\/wp-json\/wp\/v2\/tags?post=1087"}],"curies":[{"name":"wp","href":"https:\/\/api.w.org\/{rel}","templated":true}]}}