
{"id":10931,"date":"2024-03-28T16:34:00","date_gmt":"2024-03-28T15:34:00","guid":{"rendered":"https:\/\/przedszkole18.edu.wroclaw.pl\/?p=10931"},"modified":"2024-03-28T16:34:00","modified_gmt":"2024-03-28T15:34:00","slug":"swiateczny-czas-3","status":"publish","type":"post","link":"https:\/\/przedszkole18.edu.wroclaw.pl\/index.php\/2024\/03\/28\/swiateczny-czas-3\/","title":{"rendered":"&#8222;\u015awi\u0105teczny czas&#8221;"},"content":{"rendered":"<p><span style=\"color: #008000\"><em><strong><span style=\"font-size: 14pt\">Kochani!<\/span><\/strong><\/em><\/span><\/p>\n<p><span style=\"color: #008000\"><em><strong><span style=\"font-size: 14pt\">Z okazji nadchodz\u0105cych \u015awi\u0105t \u017cycz\u0119 Wam. <\/span><\/strong><\/em><\/span><\/p>\n<p><span style=\"color: #008000\"><em><strong><span style=\"font-size: 14pt\">Czasu spokojnego, czasu radosnego, czasu pachn\u0105cego powiewem wiosny w te \u015awi\u0119ta Wielkiej Nocy.\u00a0<\/span><\/strong><\/em><\/span><\/p>\n<p><span style=\"color: #008000\"><em><strong><span style=\"font-size: 14pt\">Pozdrawiam serdecznie i \u017cycz\u0119 du\u017co zdrowia.\u00a0 <\/span><\/strong><span style=\"font-size: 14pt\"><span style=\"font-size: 12pt\">Dyrektor plac\u00f3wki Lidia Walczak-I\u017cycka<\/span><\/span><\/em><\/span><\/p>\n<p><img loading=\"lazy\" decoding=\"async\" class=\"alignnone size-medium wp-image-10930\" src=\"https:\/\/przedszkole18.edu.wroclaw.pl\/wp-content\/uploads\/sites\/36\/2024\/03\/Zajaczek-300x197.jpg\" alt=\"\" width=\"300\" height=\"197\" srcset=\"https:\/\/przedszkole18.edu.wroclaw.pl\/wp-content\/uploads\/sites\/36\/2024\/03\/Zajaczek-300x197.jpg 300w, https:\/\/przedszkole18.edu.wroclaw.pl\/wp-content\/uploads\/sites\/36\/2024\/03\/Zajaczek.jpg 640w\" sizes=\"auto, (max-width: 300px) 100vw, 300px\" \/><\/p>\n","protected":false},"excerpt":{"rendered":"<p>Kochani! Z okazji nadchodz\u0105cych \u015awi\u0105t \u017cycz\u0119 Wam. Czasu spokojnego, czasu radosnego, czasu pachn\u0105cego powiewem wiosny w te \u015awi\u0119ta Wielkiej Nocy.\u00a0 Pozdrawiam serdecznie i \u017cycz\u0119 du\u017co zdrowia.\u00a0 Dyrektor plac\u00f3wki Lidia Walczak-I\u017cycka<\/p>\n","protected":false},"author":115,"featured_media":10928,"comment_status":"closed","ping_status":"closed","sticky":false,"template":"","format":"standard","meta":{"ngg_post_thumbnail":0,"footnotes":""},"categories":[3],"tags":[],"class_list":["post-10931","post","type-post","status-publish","format-standard","has-post-thumbnail","hentry","category-aktualnosci","clearfix"],"_links":{"self":[{"href":"https:\/\/przedszkole18.edu.wroclaw.pl\/index.php\/wp-json\/wp\/v2\/posts\/10931","targetHints":{"allow":["GET"]}}],"collection":[{"href":"https:\/\/przedszkole18.edu.wroclaw.pl\/index.php\/wp-json\/wp\/v2\/posts"}],"about":[{"href":"https:\/\/przedszkole18.edu.wroclaw.pl\/index.php\/wp-json\/wp\/v2\/types\/post"}],"author":[{"embeddable":true,"href":"https:\/\/przedszkole18.edu.wroclaw.pl\/index.php\/wp-json\/wp\/v2\/users\/115"}],"replies":[{"embeddable":true,"href":"https:\/\/przedszkole18.edu.wroclaw.pl\/index.php\/wp-json\/wp\/v2\/comments?post=10931"}],"version-history":[{"count":1,"href":"https:\/\/przedszkole18.edu.wroclaw.pl\/index.php\/wp-json\/wp\/v2\/posts\/10931\/revisions"}],"predecessor-version":[{"id":10932,"href":"https:\/\/przedszkole18.edu.wroclaw.pl\/index.php\/wp-json\/wp\/v2\/posts\/10931\/revisions\/10932"}],"wp:featuredmedia":[{"embeddable":true,"href":"https:\/\/przedszkole18.edu.wroclaw.pl\/index.php\/wp-json\/wp\/v2\/media\/10928"}],"wp:attachment":[{"href":"https:\/\/przedszkole18.edu.wroclaw.pl\/index.php\/wp-json\/wp\/v2\/media?parent=10931"}],"wp:term":[{"taxonomy":"category","embeddable":true,"href":"https:\/\/przedszkole18.edu.wroclaw.pl\/index.php\/wp-json\/wp\/v2\/categories?post=10931"},{"taxonomy":"post_tag","embeddable":true,"href":"https:\/\/przedszkole18.edu.wroclaw.pl\/index.php\/wp-json\/wp\/v2\/tags?post=10931"}],"curies":[{"name":"wp","href":"https:\/\/api.w.org\/{rel}","templated":true}]}}