
{"id":10975,"date":"2024-04-11T18:21:05","date_gmt":"2024-04-11T16:21:05","guid":{"rendered":"https:\/\/przedszkole18.edu.wroclaw.pl\/?p=10975"},"modified":"2024-04-12T07:58:15","modified_gmt":"2024-04-12T05:58:15","slug":"zdjecia-tablo","status":"publish","type":"post","link":"https:\/\/przedszkole18.edu.wroclaw.pl\/index.php\/2024\/04\/11\/zdjecia-tablo\/","title":{"rendered":"Zdj\u0119cia &#8211; Tablo"},"content":{"rendered":"<p><span style=\"color: #000080\"><em><strong>Drodzy Pa\u0144stwo w dniu 17 kwietnia\/\u015broda\/ o godzinie 9.15 planujemy sesj\u0119 zdj\u0119ciow\u0105 do Tablo &#8211; 6 latk\u00f3w . <\/strong><\/em><\/span><\/p>\n<p><span style=\"color: #000080\"><em><strong>Bardzo prosimy o przygotowanie bia\u0142ej koszuli. W sytuacji nieobecno\u015bci dzieci,\u00a0 wynikaj\u0105cej z choroby lub innych sytuacji losowych, ustalimy termin dodatkowy.<\/strong> <\/em><\/span><\/p>\n","protected":false},"excerpt":{"rendered":"<p>Drodzy Pa\u0144stwo w dniu 17 kwietnia\/\u015broda\/ o godzinie 9.15 planujemy sesj\u0119 zdj\u0119ciow\u0105 do Tablo &#8211; 6 latk\u00f3w . Bardzo prosimy o przygotowanie bia\u0142ej koszuli. W sytuacji nieobecno\u015bci dzieci,\u00a0 wynikaj\u0105cej z [&hellip;]<\/p>\n","protected":false},"author":115,"featured_media":10773,"comment_status":"closed","ping_status":"closed","sticky":false,"template":"","format":"standard","meta":{"ngg_post_thumbnail":0,"footnotes":""},"categories":[3],"tags":[],"class_list":["post-10975","post","type-post","status-publish","format-standard","has-post-thumbnail","hentry","category-aktualnosci","clearfix"],"_links":{"self":[{"href":"https:\/\/przedszkole18.edu.wroclaw.pl\/index.php\/wp-json\/wp\/v2\/posts\/10975","targetHints":{"allow":["GET"]}}],"collection":[{"href":"https:\/\/przedszkole18.edu.wroclaw.pl\/index.php\/wp-json\/wp\/v2\/posts"}],"about":[{"href":"https:\/\/przedszkole18.edu.wroclaw.pl\/index.php\/wp-json\/wp\/v2\/types\/post"}],"author":[{"embeddable":true,"href":"https:\/\/przedszkole18.edu.wroclaw.pl\/index.php\/wp-json\/wp\/v2\/users\/115"}],"replies":[{"embeddable":true,"href":"https:\/\/przedszkole18.edu.wroclaw.pl\/index.php\/wp-json\/wp\/v2\/comments?post=10975"}],"version-history":[{"count":2,"href":"https:\/\/przedszkole18.edu.wroclaw.pl\/index.php\/wp-json\/wp\/v2\/posts\/10975\/revisions"}],"predecessor-version":[{"id":10977,"href":"https:\/\/przedszkole18.edu.wroclaw.pl\/index.php\/wp-json\/wp\/v2\/posts\/10975\/revisions\/10977"}],"wp:featuredmedia":[{"embeddable":true,"href":"https:\/\/przedszkole18.edu.wroclaw.pl\/index.php\/wp-json\/wp\/v2\/media\/10773"}],"wp:attachment":[{"href":"https:\/\/przedszkole18.edu.wroclaw.pl\/index.php\/wp-json\/wp\/v2\/media?parent=10975"}],"wp:term":[{"taxonomy":"category","embeddable":true,"href":"https:\/\/przedszkole18.edu.wroclaw.pl\/index.php\/wp-json\/wp\/v2\/categories?post=10975"},{"taxonomy":"post_tag","embeddable":true,"href":"https:\/\/przedszkole18.edu.wroclaw.pl\/index.php\/wp-json\/wp\/v2\/tags?post=10975"}],"curies":[{"name":"wp","href":"https:\/\/api.w.org\/{rel}","templated":true}]}}