
{"id":10981,"date":"2024-04-12T15:27:03","date_gmt":"2024-04-12T13:27:03","guid":{"rendered":"https:\/\/przedszkole18.edu.wroclaw.pl\/?p=10981"},"modified":"2024-04-12T15:27:03","modified_gmt":"2024-04-12T13:27:03","slug":"informacja-4","status":"publish","type":"post","link":"https:\/\/przedszkole18.edu.wroclaw.pl\/index.php\/2024\/04\/12\/informacja-4\/","title":{"rendered":"INFORMACJA"},"content":{"rendered":"<p><span style=\"font-size: 14pt;color: #003366\"><strong>Szanowni Pa\u0144stwo!<\/strong><\/span><\/p>\n<p><span style=\"font-size: 14pt;color: #008000\"><strong><span style=\"color: #003366\">Maj\u0105c na uwadze zbli\u017caj\u0105cy si\u0119 czas<\/span> <span style=\"color: #ff0000\">\u015awi\u0105t 1\u00a0 i\u00a0 3 maja<\/span> <span style=\"color: #003366\">bardzo prosz\u0119 o poinformowanie nauczycieli grup &#8211; listy, kto z Pa\u0144stwa potrzebuj\u0105 opieki dla dziecka w dniu <span style=\"color: #ff0000\">2 maja.<\/span> Zebrane informacje pozwol\u0105 nam,\u00a0 na w\u0142a\u015bciwe zorganizowanie pracy plac\u00f3wki &#8211; \u017cywienie i opieka w grupie zbiorczej. <\/span><\/strong><\/span><span style=\"color: #333399\"><em><span style=\"font-size: 12pt\">Pozdrawiam i \u017cycz\u0119 zdrowia\u00a0 dyrektor plac\u00f3wki\u00a0 Lidia Walczak-I\u017cycka\u00a0 <\/span><\/em><\/span><\/p>\n","protected":false},"excerpt":{"rendered":"<p>Szanowni Pa\u0144stwo! Maj\u0105c na uwadze zbli\u017caj\u0105cy si\u0119 czas \u015awi\u0105t 1\u00a0 i\u00a0 3 maja bardzo prosz\u0119 o poinformowanie nauczycieli grup &#8211; listy, kto z Pa\u0144stwa potrzebuj\u0105 opieki dla dziecka w dniu [&hellip;]<\/p>\n","protected":false},"author":115,"featured_media":9506,"comment_status":"closed","ping_status":"closed","sticky":false,"template":"","format":"standard","meta":{"ngg_post_thumbnail":0,"footnotes":""},"categories":[3],"tags":[],"class_list":["post-10981","post","type-post","status-publish","format-standard","has-post-thumbnail","hentry","category-aktualnosci","clearfix"],"_links":{"self":[{"href":"https:\/\/przedszkole18.edu.wroclaw.pl\/index.php\/wp-json\/wp\/v2\/posts\/10981","targetHints":{"allow":["GET"]}}],"collection":[{"href":"https:\/\/przedszkole18.edu.wroclaw.pl\/index.php\/wp-json\/wp\/v2\/posts"}],"about":[{"href":"https:\/\/przedszkole18.edu.wroclaw.pl\/index.php\/wp-json\/wp\/v2\/types\/post"}],"author":[{"embeddable":true,"href":"https:\/\/przedszkole18.edu.wroclaw.pl\/index.php\/wp-json\/wp\/v2\/users\/115"}],"replies":[{"embeddable":true,"href":"https:\/\/przedszkole18.edu.wroclaw.pl\/index.php\/wp-json\/wp\/v2\/comments?post=10981"}],"version-history":[{"count":1,"href":"https:\/\/przedszkole18.edu.wroclaw.pl\/index.php\/wp-json\/wp\/v2\/posts\/10981\/revisions"}],"predecessor-version":[{"id":10982,"href":"https:\/\/przedszkole18.edu.wroclaw.pl\/index.php\/wp-json\/wp\/v2\/posts\/10981\/revisions\/10982"}],"wp:featuredmedia":[{"embeddable":true,"href":"https:\/\/przedszkole18.edu.wroclaw.pl\/index.php\/wp-json\/wp\/v2\/media\/9506"}],"wp:attachment":[{"href":"https:\/\/przedszkole18.edu.wroclaw.pl\/index.php\/wp-json\/wp\/v2\/media?parent=10981"}],"wp:term":[{"taxonomy":"category","embeddable":true,"href":"https:\/\/przedszkole18.edu.wroclaw.pl\/index.php\/wp-json\/wp\/v2\/categories?post=10981"},{"taxonomy":"post_tag","embeddable":true,"href":"https:\/\/przedszkole18.edu.wroclaw.pl\/index.php\/wp-json\/wp\/v2\/tags?post=10981"}],"curies":[{"name":"wp","href":"https:\/\/api.w.org\/{rel}","templated":true}]}}