
{"id":1099,"date":"2020-04-08T18:08:15","date_gmt":"2020-04-08T16:08:15","guid":{"rendered":"https:\/\/przedszkole18.edu.wroclaw.pl\/?p=1099"},"modified":"2020-04-08T18:08:15","modified_gmt":"2020-04-08T16:08:15","slug":"szanowni-panstwo-2","status":"publish","type":"post","link":"https:\/\/przedszkole18.edu.wroclaw.pl\/index.php\/2020\/04\/08\/szanowni-panstwo-2\/","title":{"rendered":"Szanowni Pa\u0144stwo !"},"content":{"rendered":"<p>Szanowni Pa\u0144stwo, otrzyma\u0142am informacj\u0119, \u017ce dedykowane dla dzieci i Pa\u0144stwa zapisy, tworzone przez\u00a0 nauczycieli s\u0105 ma\u0142o rozbudowane lub te\u017c nie spe\u0142niaj\u0105 Pa\u0144stwa oczekiwa\u0144. Dlatego te\u017c od 14 kwietnia,\u00a0 b\u0119dziemy tak budowa\u0107 dany dzie\u0144 pracy z dzie\u0107mi,\u00a0 aby \u0142atwiej by\u0142o z niego czerpa\u0107 wiedz\u0119, \u00a0 realizuj\u0105c tym samym\u00a0 podstaw\u0119\u00a0 programow\u0105 wychowania przedszkolnego.<\/p>\n<p>Nauczyciele przygotuj\u0105 dla Pa\u0144stwa adresy e-mail do kontakt\u00f3w, b\u0119dzie mo\u017cna na nie przes\u0142a\u0107 zdj\u0119cia b\u0105d\u017a zadania &#8211; zabawy realizowane w domu z dzie\u0107mi, postaramy si\u0119 tak\u017ce zorganizowa\u0107\u00a0 dwa dni w tygodniu z wyznaczeniem godzin na\u00a0 spotkania\u00a0 wizyjne nauczycieli\u00a0 z dzie\u0107mi, mo\u017ce to\u00a0 za\u0142agodzi czas roz\u0142\u0105ki i t\u0119sknoty\u00a0 za\u00a0 przedszkolem, r\u00f3wie\u015bnikami i paniami.<\/p>\n<p>Planujemy tak\u017ce zaprosi\u0107 Pa\u0144stwa do plac\u00f3wki celem odebrania kart pracy, kt\u00f3re zapewne u\u0142atwi\u0105 Pa\u0144stwu prace z dzie\u0107mi, oczywi\u015bcie z zachowaniem zalece\u0144 stosowania masek,\u00a0 r\u0119kawiczek i odpowiedniej odleg\u0142o\u015bci\u00a0 w przestrzeni publicznej.<\/p>\n<p>Wszystkim jest trudno i wszyscy uczymy si\u0119 odnajdywania w nowych, innych sytuacjach, mam tylko nadzieje, \u017ce pozwoli to wszystkim nam na docenienie tego co by\u0142o i za czym t\u0119sknimy.<\/p>\n<p>Prosz\u0119 o informacj\u0119 je\u017celi mog\u0119 w czym\u015b pom\u00f3c jestem do dyspozycji pod telefonami, kt\u00f3re podawa\u0142am ju\u017c wielokrotnie:\u00a0\u00a0 71 798 67 75 lub 728 520 159\u00a0 poczta e-mail;\u00a0 lwalczak1709@wroclawskaedukacja.pl<\/p>\n<p>Pozdrawiam serdecznie wszystkie dzieci i\u00a0 rodzic\u00f3w. \u017bYCZ\u0118 DU\u017bO ZDROWIA ! Lidia Walczak-I\u017cycka<\/p>\n","protected":false},"excerpt":{"rendered":"<p>Szanowni Pa\u0144stwo, otrzyma\u0142am informacj\u0119, \u017ce dedykowane dla dzieci i Pa\u0144stwa zapisy, tworzone przez\u00a0 nauczycieli s\u0105 ma\u0142o rozbudowane lub te\u017c nie spe\u0142niaj\u0105 Pa\u0144stwa oczekiwa\u0144. Dlatego te\u017c od 14 kwietnia,\u00a0 b\u0119dziemy tak [&hellip;]<\/p>\n","protected":false},"author":115,"featured_media":988,"comment_status":"closed","ping_status":"closed","sticky":false,"template":"","format":"standard","meta":{"ngg_post_thumbnail":0,"footnotes":""},"categories":[3],"tags":[],"class_list":["post-1099","post","type-post","status-publish","format-standard","has-post-thumbnail","hentry","category-aktualnosci","clearfix"],"_links":{"self":[{"href":"https:\/\/przedszkole18.edu.wroclaw.pl\/index.php\/wp-json\/wp\/v2\/posts\/1099","targetHints":{"allow":["GET"]}}],"collection":[{"href":"https:\/\/przedszkole18.edu.wroclaw.pl\/index.php\/wp-json\/wp\/v2\/posts"}],"about":[{"href":"https:\/\/przedszkole18.edu.wroclaw.pl\/index.php\/wp-json\/wp\/v2\/types\/post"}],"author":[{"embeddable":true,"href":"https:\/\/przedszkole18.edu.wroclaw.pl\/index.php\/wp-json\/wp\/v2\/users\/115"}],"replies":[{"embeddable":true,"href":"https:\/\/przedszkole18.edu.wroclaw.pl\/index.php\/wp-json\/wp\/v2\/comments?post=1099"}],"version-history":[{"count":1,"href":"https:\/\/przedszkole18.edu.wroclaw.pl\/index.php\/wp-json\/wp\/v2\/posts\/1099\/revisions"}],"predecessor-version":[{"id":1100,"href":"https:\/\/przedszkole18.edu.wroclaw.pl\/index.php\/wp-json\/wp\/v2\/posts\/1099\/revisions\/1100"}],"wp:featuredmedia":[{"embeddable":true,"href":"https:\/\/przedszkole18.edu.wroclaw.pl\/index.php\/wp-json\/wp\/v2\/media\/988"}],"wp:attachment":[{"href":"https:\/\/przedszkole18.edu.wroclaw.pl\/index.php\/wp-json\/wp\/v2\/media?parent=1099"}],"wp:term":[{"taxonomy":"category","embeddable":true,"href":"https:\/\/przedszkole18.edu.wroclaw.pl\/index.php\/wp-json\/wp\/v2\/categories?post=1099"},{"taxonomy":"post_tag","embeddable":true,"href":"https:\/\/przedszkole18.edu.wroclaw.pl\/index.php\/wp-json\/wp\/v2\/tags?post=1099"}],"curies":[{"name":"wp","href":"https:\/\/api.w.org\/{rel}","templated":true}]}}