
{"id":11018,"date":"2024-05-08T14:27:47","date_gmt":"2024-05-08T12:27:47","guid":{"rendered":"https:\/\/przedszkole18.edu.wroclaw.pl\/?p=11018"},"modified":"2024-05-08T14:29:18","modified_gmt":"2024-05-08T12:29:18","slug":"ii-termin-tablo-6-latka","status":"publish","type":"post","link":"https:\/\/przedszkole18.edu.wroclaw.pl\/index.php\/2024\/05\/08\/ii-termin-tablo-6-latka\/","title":{"rendered":"II Termin Tablo 6 &#8211; latka"},"content":{"rendered":"<p><span style=\"color: #000080\"><strong>Drodzy Pa\u0144stwo.<\/strong><\/span><\/p>\n<p><span style=\"color: #000080\">Zgodnie z wcze\u015bniejsz\u0105 informacj\u0105 ustalono\u00a0 II termin\u00a0 zdj\u0119\u0107 dla 6 &#8211; latk\u00f3w -pami\u0105tkowe tablo,\u00a0 13 maja \/poniedzia\u0142ek\/ godzina 9.15 w sali muzycznej.\u00a0 Zapraszamy dzieci, kt\u00f3rych nie by\u0142o na wcze\u015bniejszej sesji zdj\u0119ciowej. Prosimy przygotowa\u0107 bia\u0142\u0105 koszul\u0119. Je\u017celi kto\u015b nie b\u0119dzie obecny,\u00a0 prosz\u0119 o indywidualny kontakt z dyrektorem.<\/span><\/p>\n<p>&nbsp;<\/p>\n","protected":false},"excerpt":{"rendered":"<p>Drodzy Pa\u0144stwo. Zgodnie z wcze\u015bniejsz\u0105 informacj\u0105 ustalono\u00a0 II termin\u00a0 zdj\u0119\u0107 dla 6 &#8211; latk\u00f3w -pami\u0105tkowe tablo,\u00a0 13 maja \/poniedzia\u0142ek\/ godzina 9.15 w sali muzycznej.\u00a0 Zapraszamy dzieci, kt\u00f3rych nie by\u0142o na [&hellip;]<\/p>\n","protected":false},"author":115,"featured_media":10773,"comment_status":"closed","ping_status":"closed","sticky":false,"template":"","format":"standard","meta":{"ngg_post_thumbnail":0,"footnotes":""},"categories":[3],"tags":[],"class_list":["post-11018","post","type-post","status-publish","format-standard","has-post-thumbnail","hentry","category-aktualnosci","clearfix"],"_links":{"self":[{"href":"https:\/\/przedszkole18.edu.wroclaw.pl\/index.php\/wp-json\/wp\/v2\/posts\/11018","targetHints":{"allow":["GET"]}}],"collection":[{"href":"https:\/\/przedszkole18.edu.wroclaw.pl\/index.php\/wp-json\/wp\/v2\/posts"}],"about":[{"href":"https:\/\/przedszkole18.edu.wroclaw.pl\/index.php\/wp-json\/wp\/v2\/types\/post"}],"author":[{"embeddable":true,"href":"https:\/\/przedszkole18.edu.wroclaw.pl\/index.php\/wp-json\/wp\/v2\/users\/115"}],"replies":[{"embeddable":true,"href":"https:\/\/przedszkole18.edu.wroclaw.pl\/index.php\/wp-json\/wp\/v2\/comments?post=11018"}],"version-history":[{"count":3,"href":"https:\/\/przedszkole18.edu.wroclaw.pl\/index.php\/wp-json\/wp\/v2\/posts\/11018\/revisions"}],"predecessor-version":[{"id":11021,"href":"https:\/\/przedszkole18.edu.wroclaw.pl\/index.php\/wp-json\/wp\/v2\/posts\/11018\/revisions\/11021"}],"wp:featuredmedia":[{"embeddable":true,"href":"https:\/\/przedszkole18.edu.wroclaw.pl\/index.php\/wp-json\/wp\/v2\/media\/10773"}],"wp:attachment":[{"href":"https:\/\/przedszkole18.edu.wroclaw.pl\/index.php\/wp-json\/wp\/v2\/media?parent=11018"}],"wp:term":[{"taxonomy":"category","embeddable":true,"href":"https:\/\/przedszkole18.edu.wroclaw.pl\/index.php\/wp-json\/wp\/v2\/categories?post=11018"},{"taxonomy":"post_tag","embeddable":true,"href":"https:\/\/przedszkole18.edu.wroclaw.pl\/index.php\/wp-json\/wp\/v2\/tags?post=11018"}],"curies":[{"name":"wp","href":"https:\/\/api.w.org\/{rel}","templated":true}]}}