
{"id":11030,"date":"2024-05-08T22:28:28","date_gmt":"2024-05-08T20:28:28","guid":{"rendered":"https:\/\/przedszkole18.edu.wroclaw.pl\/?p=11030"},"modified":"2024-05-08T22:34:37","modified_gmt":"2024-05-08T20:34:37","slug":"bardzo-wazne","status":"publish","type":"post","link":"https:\/\/przedszkole18.edu.wroclaw.pl\/index.php\/2024\/05\/08\/bardzo-wazne\/","title":{"rendered":"Bardzo Wa\u017cne!!!"},"content":{"rendered":"<p><span style=\"color: #ff0000;font-size: 18pt\"><em><strong>Kochani Rodzice.<\/strong><\/em><\/span><\/p>\n<p><span style=\"font-size: 14pt\"><em><span style=\"color: #003366\">Otrzyma\u0142am dzisiaj\u00a0 niepokoj\u0105ce informacj\u0119 o stanie zdrowia\u00a0 naszego\u00a0 wychowanka Frania. Bardzo prosz\u0119 zaanga\u017cujmy si\u0119 Wszyscy i oka\u017cmy nasze wsparcie i serce w ratowaniu zdrowia i przywr\u00f3ceniu dzieci\u0144stwa Franiowi. Wiem, \u017ce macie Wielkie serca i bardzo Wam za to dzi\u0119kuj\u0119.\u00a0Warto pomaga\u0107 &#8211; dobro powraca.<\/span> <\/em><\/span><\/p>\n<p><span style=\"color: #008080\">Pozdrawiam serdecznie Lidia Walczak-I\u017cycka dyrektor plac\u00f3wki .<\/span> <span style=\"color: #ff0000;font-size: 14pt\">Uruchomiona zbi\u00f3rka.<\/span>\u00a0 \u00a0 <a href=\"https:\/\/zrzutka.pl\/bae4yd\">https:\/\/zrzutka.pl\/bae4yd\u00a0\u00a0\u00a0\u00a0<\/a><\/p>\n","protected":false},"excerpt":{"rendered":"<p>Kochani Rodzice. Otrzyma\u0142am dzisiaj\u00a0 niepokoj\u0105ce informacj\u0119 o stanie zdrowia\u00a0 naszego\u00a0 wychowanka Frania. Bardzo prosz\u0119 zaanga\u017cujmy si\u0119 Wszyscy i oka\u017cmy nasze wsparcie i serce w ratowaniu zdrowia i przywr\u00f3ceniu dzieci\u0144stwa Franiowi. [&hellip;]<\/p>\n","protected":false},"author":115,"featured_media":9508,"comment_status":"closed","ping_status":"closed","sticky":false,"template":"","format":"standard","meta":{"ngg_post_thumbnail":0,"footnotes":""},"categories":[3],"tags":[],"class_list":["post-11030","post","type-post","status-publish","format-standard","has-post-thumbnail","hentry","category-aktualnosci","clearfix"],"_links":{"self":[{"href":"https:\/\/przedszkole18.edu.wroclaw.pl\/index.php\/wp-json\/wp\/v2\/posts\/11030","targetHints":{"allow":["GET"]}}],"collection":[{"href":"https:\/\/przedszkole18.edu.wroclaw.pl\/index.php\/wp-json\/wp\/v2\/posts"}],"about":[{"href":"https:\/\/przedszkole18.edu.wroclaw.pl\/index.php\/wp-json\/wp\/v2\/types\/post"}],"author":[{"embeddable":true,"href":"https:\/\/przedszkole18.edu.wroclaw.pl\/index.php\/wp-json\/wp\/v2\/users\/115"}],"replies":[{"embeddable":true,"href":"https:\/\/przedszkole18.edu.wroclaw.pl\/index.php\/wp-json\/wp\/v2\/comments?post=11030"}],"version-history":[{"count":3,"href":"https:\/\/przedszkole18.edu.wroclaw.pl\/index.php\/wp-json\/wp\/v2\/posts\/11030\/revisions"}],"predecessor-version":[{"id":11033,"href":"https:\/\/przedszkole18.edu.wroclaw.pl\/index.php\/wp-json\/wp\/v2\/posts\/11030\/revisions\/11033"}],"wp:featuredmedia":[{"embeddable":true,"href":"https:\/\/przedszkole18.edu.wroclaw.pl\/index.php\/wp-json\/wp\/v2\/media\/9508"}],"wp:attachment":[{"href":"https:\/\/przedszkole18.edu.wroclaw.pl\/index.php\/wp-json\/wp\/v2\/media?parent=11030"}],"wp:term":[{"taxonomy":"category","embeddable":true,"href":"https:\/\/przedszkole18.edu.wroclaw.pl\/index.php\/wp-json\/wp\/v2\/categories?post=11030"},{"taxonomy":"post_tag","embeddable":true,"href":"https:\/\/przedszkole18.edu.wroclaw.pl\/index.php\/wp-json\/wp\/v2\/tags?post=11030"}],"curies":[{"name":"wp","href":"https:\/\/api.w.org\/{rel}","templated":true}]}}