
{"id":11054,"date":"2024-05-13T22:17:49","date_gmt":"2024-05-13T20:17:49","guid":{"rendered":"https:\/\/przedszkole18.edu.wroclaw.pl\/?p=11054"},"modified":"2024-05-13T22:18:04","modified_gmt":"2024-05-13T20:18:04","slug":"koncert-wiosenny-2","status":"publish","type":"post","link":"https:\/\/przedszkole18.edu.wroclaw.pl\/index.php\/2024\/05\/13\/koncert-wiosenny-2\/","title":{"rendered":"Koncert Wiosenny"},"content":{"rendered":"<p style=\"text-align: center\"><span style=\"font-size: 14pt\">Serdecznie zapraszamy na <em>Koncert wiosenny<\/em>, kt\u00f3ry odb\u0119dzie si\u0119 w <strong>czwartek, 16.05.2024 r. <\/strong>w sali grupy <strong>IV a<\/strong>. Podczas koncertu zaprezentuj\u0105 si\u0119 M\u0142odzi Arty\u015bci &#8211; dzieci ucz\u0105ce si\u0119 gra\u0107 na instrumentach (pianino, skrzypce, flet) w naszym przedszkolu.<\/span><\/p>\n<p style=\"text-align: center\"><span style=\"font-size: 14pt\">Godziny koncertu:<\/span><\/p>\n<p style=\"text-align: center\"><span style=\"font-size: 14pt\"><strong>15.30 &#8211; grupy III a i IV<\/strong><\/span><\/p>\n<p style=\"text-align: center\"><span style=\"font-size: 14pt\"><strong>16.15 &#8211; grupa IV a<\/strong><\/span><\/p>\n<p>&nbsp;<\/p>\n<p style=\"text-align: center\"><span style=\"font-size: 14pt\"><strong>Zapraszamy!<\/strong><\/span><\/p>\n","protected":false},"excerpt":{"rendered":"<p>Serdecznie zapraszamy na Koncert wiosenny, kt\u00f3ry odb\u0119dzie si\u0119 w czwartek, 16.05.2024 r. w sali grupy IV a. Podczas koncertu zaprezentuj\u0105 si\u0119 M\u0142odzi Arty\u015bci &#8211; dzieci ucz\u0105ce si\u0119 gra\u0107 na instrumentach [&hellip;]<\/p>\n","protected":false},"author":105,"featured_media":2411,"comment_status":"closed","ping_status":"closed","sticky":false,"template":"","format":"standard","meta":{"ngg_post_thumbnail":0,"footnotes":""},"categories":[3],"tags":[],"class_list":["post-11054","post","type-post","status-publish","format-standard","has-post-thumbnail","hentry","category-aktualnosci","clearfix"],"_links":{"self":[{"href":"https:\/\/przedszkole18.edu.wroclaw.pl\/index.php\/wp-json\/wp\/v2\/posts\/11054","targetHints":{"allow":["GET"]}}],"collection":[{"href":"https:\/\/przedszkole18.edu.wroclaw.pl\/index.php\/wp-json\/wp\/v2\/posts"}],"about":[{"href":"https:\/\/przedszkole18.edu.wroclaw.pl\/index.php\/wp-json\/wp\/v2\/types\/post"}],"author":[{"embeddable":true,"href":"https:\/\/przedszkole18.edu.wroclaw.pl\/index.php\/wp-json\/wp\/v2\/users\/105"}],"replies":[{"embeddable":true,"href":"https:\/\/przedszkole18.edu.wroclaw.pl\/index.php\/wp-json\/wp\/v2\/comments?post=11054"}],"version-history":[{"count":1,"href":"https:\/\/przedszkole18.edu.wroclaw.pl\/index.php\/wp-json\/wp\/v2\/posts\/11054\/revisions"}],"predecessor-version":[{"id":11055,"href":"https:\/\/przedszkole18.edu.wroclaw.pl\/index.php\/wp-json\/wp\/v2\/posts\/11054\/revisions\/11055"}],"wp:featuredmedia":[{"embeddable":true,"href":"https:\/\/przedszkole18.edu.wroclaw.pl\/index.php\/wp-json\/wp\/v2\/media\/2411"}],"wp:attachment":[{"href":"https:\/\/przedszkole18.edu.wroclaw.pl\/index.php\/wp-json\/wp\/v2\/media?parent=11054"}],"wp:term":[{"taxonomy":"category","embeddable":true,"href":"https:\/\/przedszkole18.edu.wroclaw.pl\/index.php\/wp-json\/wp\/v2\/categories?post=11054"},{"taxonomy":"post_tag","embeddable":true,"href":"https:\/\/przedszkole18.edu.wroclaw.pl\/index.php\/wp-json\/wp\/v2\/tags?post=11054"}],"curies":[{"name":"wp","href":"https:\/\/api.w.org\/{rel}","templated":true}]}}