
{"id":11072,"date":"2024-05-24T09:50:48","date_gmt":"2024-05-24T07:50:48","guid":{"rendered":"https:\/\/przedszkole18.edu.wroclaw.pl\/?p=11072"},"modified":"2024-05-28T17:33:37","modified_gmt":"2024-05-28T15:33:37","slug":"sukces-naszych-wychowankow","status":"publish","type":"post","link":"https:\/\/przedszkole18.edu.wroclaw.pl\/index.php\/2024\/05\/24\/sukces-naszych-wychowankow\/","title":{"rendered":"SUKCES NASZYCH WYCHOWANK\u00d3W"},"content":{"rendered":"<p style=\"text-align: center\"><span style=\"color: #ff0000\"><strong><span style=\"font-size: 14pt\">Drogie Dzieci, Szanowni Pa\u0144stwo<\/span><\/strong><\/span><\/p>\n<p><em><span style=\"color: #000080\"><strong><span style=\"font-size: 14pt\">Troje dzieci z naszego przedszkola zosta\u0142o laureatami Wojew\u00f3dzkiego Konkursu Plastycznego pt. &#8222;Le\u015bny, mokry \u015bwiat&#8221;:<\/span><\/strong><\/span><\/em><\/p>\n<ul>\n<li><span style=\"color: #008000\"><strong><span style=\"font-size: 14pt\">Anna Sz. grupa IV &#8211; II miejsce (opiekun Dorota Margan)<\/span><\/strong><\/span><\/li>\n<li><span style=\"color: #008000\"><strong><span style=\"font-size: 14pt\">Julia B. grupa III a &#8211; wyr\u00f3\u017cnienie (opiekun Katarzyna M\u0105czka)<\/span><\/strong><\/span><\/li>\n<li><span style=\"color: #008000\"><strong><span style=\"font-size: 14pt\">Nela O. grupa IV &#8211; wyr\u00f3\u017cnienie (opiekun Dorota Margan)<\/span><\/strong><\/span><\/li>\n<\/ul>\n<p><strong><span style=\"color: #333399\">Dzieci otrzyma\u0142y\u00a0 zaproszenie na piknik zorganizowany przez LOP, \u00a0 gdzie mogli odebra\u0107 nagrody i wzi\u0105\u0107 udzia\u0142 w proponowanych zabawach. Jeszcze raz gratulujemy i dzi\u0119kujemy nauczycielom i rodzicom za promowanie dzia\u0142a\u0144 dzieci i przedszkola.<\/span> <\/strong><\/p>\n<p><img loading=\"lazy\" decoding=\"async\" class=\"alignnone size-medium wp-image-11080\" src=\"https:\/\/przedszkole18.edu.wroclaw.pl\/wp-content\/uploads\/sites\/36\/2024\/05\/img-20240528-wa0003-300x300.jpg\" alt=\"\" width=\"300\" height=\"300\" \/><img loading=\"lazy\" decoding=\"async\" class=\"alignnone size-medium wp-image-11082\" src=\"https:\/\/przedszkole18.edu.wroclaw.pl\/wp-content\/uploads\/sites\/36\/2024\/05\/img-20240528-wa0004-300x300.jpg\" alt=\"\" width=\"300\" height=\"300\" \/><img loading=\"lazy\" decoding=\"async\" class=\"alignnone size-medium wp-image-11079\" src=\"https:\/\/przedszkole18.edu.wroclaw.pl\/wp-content\/uploads\/sites\/36\/2024\/05\/img-20240528-wa0001-300x169.jpg\" alt=\"\" width=\"300\" height=\"169\" \/><img loading=\"lazy\" decoding=\"async\" class=\"alignnone size-medium wp-image-11083\" src=\"https:\/\/przedszkole18.edu.wroclaw.pl\/wp-content\/uploads\/sites\/36\/2024\/05\/img-20240528-wa0005-300x300.jpg\" alt=\"\" width=\"300\" height=\"300\" \/><img loading=\"lazy\" decoding=\"async\" class=\"alignnone size-medium wp-image-11084\" src=\"https:\/\/przedszkole18.edu.wroclaw.pl\/wp-content\/uploads\/sites\/36\/2024\/05\/img-20240528-wa0006-169x300.jpg\" alt=\"\" width=\"169\" height=\"300\" \/><img loading=\"lazy\" decoding=\"async\" class=\"alignnone size-medium wp-image-11085\" src=\"https:\/\/przedszkole18.edu.wroclaw.pl\/wp-content\/uploads\/sites\/36\/2024\/05\/img-20240528-wa0008-169x300.jpg\" alt=\"\" width=\"169\" height=\"300\" \/><img loading=\"lazy\" decoding=\"async\" class=\"alignnone size-medium wp-image-11104\" src=\"https:\/\/przedszkole18.edu.wroclaw.pl\/wp-content\/uploads\/sites\/36\/2024\/05\/img-20240528-wa0021-300x300.jpg\" alt=\"\" width=\"300\" height=\"300\" \/><img loading=\"lazy\" decoding=\"async\" class=\"alignnone size-medium wp-image-11103\" src=\"https:\/\/przedszkole18.edu.wroclaw.pl\/wp-content\/uploads\/sites\/36\/2024\/05\/img-20240528-wa0009-300x169.jpg\" alt=\"\" width=\"300\" height=\"169\" \/><\/p>\n<p>&nbsp;<\/p>\n<p style=\"text-align: right\"><span style=\"color: #000000\"><strong><span style=\"font-size: 14pt\">\u00a0<\/span><\/strong><\/span><\/p>\n<p>&nbsp;<\/p>\n","protected":false},"excerpt":{"rendered":"<p>Drogie Dzieci, Szanowni Pa\u0144stwo Troje dzieci z naszego przedszkola zosta\u0142o laureatami Wojew\u00f3dzkiego Konkursu Plastycznego pt. &#8222;Le\u015bny, mokry \u015bwiat&#8221;: Anna Sz. grupa IV &#8211; II miejsce (opiekun Dorota Margan) Julia B. [&hellip;]<\/p>\n","protected":false},"author":108,"featured_media":9507,"comment_status":"closed","ping_status":"closed","sticky":false,"template":"","format":"standard","meta":{"ngg_post_thumbnail":0,"footnotes":""},"categories":[3],"tags":[],"class_list":["post-11072","post","type-post","status-publish","format-standard","has-post-thumbnail","hentry","category-aktualnosci","clearfix"],"_links":{"self":[{"href":"https:\/\/przedszkole18.edu.wroclaw.pl\/index.php\/wp-json\/wp\/v2\/posts\/11072","targetHints":{"allow":["GET"]}}],"collection":[{"href":"https:\/\/przedszkole18.edu.wroclaw.pl\/index.php\/wp-json\/wp\/v2\/posts"}],"about":[{"href":"https:\/\/przedszkole18.edu.wroclaw.pl\/index.php\/wp-json\/wp\/v2\/types\/post"}],"author":[{"embeddable":true,"href":"https:\/\/przedszkole18.edu.wroclaw.pl\/index.php\/wp-json\/wp\/v2\/users\/108"}],"replies":[{"embeddable":true,"href":"https:\/\/przedszkole18.edu.wroclaw.pl\/index.php\/wp-json\/wp\/v2\/comments?post=11072"}],"version-history":[{"count":4,"href":"https:\/\/przedszkole18.edu.wroclaw.pl\/index.php\/wp-json\/wp\/v2\/posts\/11072\/revisions"}],"predecessor-version":[{"id":11106,"href":"https:\/\/przedszkole18.edu.wroclaw.pl\/index.php\/wp-json\/wp\/v2\/posts\/11072\/revisions\/11106"}],"wp:featuredmedia":[{"embeddable":true,"href":"https:\/\/przedszkole18.edu.wroclaw.pl\/index.php\/wp-json\/wp\/v2\/media\/9507"}],"wp:attachment":[{"href":"https:\/\/przedszkole18.edu.wroclaw.pl\/index.php\/wp-json\/wp\/v2\/media?parent=11072"}],"wp:term":[{"taxonomy":"category","embeddable":true,"href":"https:\/\/przedszkole18.edu.wroclaw.pl\/index.php\/wp-json\/wp\/v2\/categories?post=11072"},{"taxonomy":"post_tag","embeddable":true,"href":"https:\/\/przedszkole18.edu.wroclaw.pl\/index.php\/wp-json\/wp\/v2\/tags?post=11072"}],"curies":[{"name":"wp","href":"https:\/\/api.w.org\/{rel}","templated":true}]}}