
{"id":11107,"date":"2024-05-28T17:42:26","date_gmt":"2024-05-28T15:42:26","guid":{"rendered":"https:\/\/przedszkole18.edu.wroclaw.pl\/?p=11107"},"modified":"2024-05-28T17:43:32","modified_gmt":"2024-05-28T15:43:32","slug":"rodzinne-zabawy-w-wiolinku","status":"publish","type":"post","link":"https:\/\/przedszkole18.edu.wroclaw.pl\/index.php\/2024\/05\/28\/rodzinne-zabawy-w-wiolinku\/","title":{"rendered":"Rodzinne zabawy w &#8222;Wiolinku&#8221;"},"content":{"rendered":"<p><span style=\"color: #333399;font-size: 18pt\"><em><strong>Drodzy Pa\u0144stwo, kochane dzieciaki!\u00a0<\/strong><\/em><\/span><\/p>\n<p><span style=\"color: #800080\"><em><strong><span style=\"font-size: 14pt\">Zapraszamy na festyn rodzinny jak zawsze pod has\u0142em &#8222;Rodzinne zabawy w &#8222;Wiolinku.&#8221;\u00a0 Start\u00a0 7 czerwca 2024,\u00a0 godzina 15.30 w ogrodzie przedszkolnym. Wszystkie szczeg\u00f3\u0142y znajdziecie Pa\u0144stwo na plakacie i stronie internetowej 31 maja 2024. Zach\u0119camy do przeczytania. Pozdrawiamy. Do zobaczenia, liczymy na Wasz\u0105 obecno\u015b\u0107.\u00a0<\/span> <\/strong><\/em><\/span><\/p>\n","protected":false},"excerpt":{"rendered":"<p>Drodzy Pa\u0144stwo, kochane dzieciaki!\u00a0 Zapraszamy na festyn rodzinny jak zawsze pod has\u0142em &#8222;Rodzinne zabawy w &#8222;Wiolinku.&#8221;\u00a0 Start\u00a0 7 czerwca 2024,\u00a0 godzina 15.30 w ogrodzie przedszkolnym. Wszystkie szczeg\u00f3\u0142y znajdziecie Pa\u0144stwo na [&hellip;]<\/p>\n","protected":false},"author":115,"featured_media":9506,"comment_status":"closed","ping_status":"closed","sticky":false,"template":"","format":"standard","meta":{"ngg_post_thumbnail":0,"footnotes":""},"categories":[3],"tags":[],"class_list":["post-11107","post","type-post","status-publish","format-standard","has-post-thumbnail","hentry","category-aktualnosci","clearfix"],"_links":{"self":[{"href":"https:\/\/przedszkole18.edu.wroclaw.pl\/index.php\/wp-json\/wp\/v2\/posts\/11107","targetHints":{"allow":["GET"]}}],"collection":[{"href":"https:\/\/przedszkole18.edu.wroclaw.pl\/index.php\/wp-json\/wp\/v2\/posts"}],"about":[{"href":"https:\/\/przedszkole18.edu.wroclaw.pl\/index.php\/wp-json\/wp\/v2\/types\/post"}],"author":[{"embeddable":true,"href":"https:\/\/przedszkole18.edu.wroclaw.pl\/index.php\/wp-json\/wp\/v2\/users\/115"}],"replies":[{"embeddable":true,"href":"https:\/\/przedszkole18.edu.wroclaw.pl\/index.php\/wp-json\/wp\/v2\/comments?post=11107"}],"version-history":[{"count":2,"href":"https:\/\/przedszkole18.edu.wroclaw.pl\/index.php\/wp-json\/wp\/v2\/posts\/11107\/revisions"}],"predecessor-version":[{"id":11109,"href":"https:\/\/przedszkole18.edu.wroclaw.pl\/index.php\/wp-json\/wp\/v2\/posts\/11107\/revisions\/11109"}],"wp:featuredmedia":[{"embeddable":true,"href":"https:\/\/przedszkole18.edu.wroclaw.pl\/index.php\/wp-json\/wp\/v2\/media\/9506"}],"wp:attachment":[{"href":"https:\/\/przedszkole18.edu.wroclaw.pl\/index.php\/wp-json\/wp\/v2\/media?parent=11107"}],"wp:term":[{"taxonomy":"category","embeddable":true,"href":"https:\/\/przedszkole18.edu.wroclaw.pl\/index.php\/wp-json\/wp\/v2\/categories?post=11107"},{"taxonomy":"post_tag","embeddable":true,"href":"https:\/\/przedszkole18.edu.wroclaw.pl\/index.php\/wp-json\/wp\/v2\/tags?post=11107"}],"curies":[{"name":"wp","href":"https:\/\/api.w.org\/{rel}","templated":true}]}}