
{"id":11110,"date":"2024-05-28T17:51:42","date_gmt":"2024-05-28T15:51:42","guid":{"rendered":"https:\/\/przedszkole18.edu.wroclaw.pl\/?p=11110"},"modified":"2024-05-28T17:51:42","modified_gmt":"2024-05-28T15:51:42","slug":"miedzynarodowy-dzien-ochrony-srodowiska","status":"publish","type":"post","link":"https:\/\/przedszkole18.edu.wroclaw.pl\/index.php\/2024\/05\/28\/miedzynarodowy-dzien-ochrony-srodowiska\/","title":{"rendered":"Mi\u0119dzynarodowy Dzie\u0144 Ochrony \u015arodowiska."},"content":{"rendered":"<p><em><strong><span style=\"color: #008000;font-size: 14pt\">Kochani, to w\u0142a\u015bnie z tej okazji zapraszamy grupy III a, IV, IV a,\u00a0 na wsp\u00f3lne wyj\u015bcie do Ogrodu Botanicznego na obchody Dnia Ochrony \u015arodowiska.\u00a0<\/span><\/strong><\/em><\/p>\n<p><em><strong><span style=\"color: #008000;font-size: 14pt\"> 5 czerwca 2024r.,\u00a0 wyruszamy po \u015bniadaniu godzina 8.45. Bliskie s\u0105siedztwo z Ogrodem Botanicznym pozwala na spacer, przed du\u017c\u0105 dawk\u0105 atrakcji. <\/span><\/strong><\/em><\/p>\n<p><em><strong><span style=\"color: #008000;font-size: 14pt\">Prosimy o przygotowanie\u00a0 plecaka z\u00a0 ma\u0142\u0105 butelk\u0105 wody i chusteczki higieniczne, wracamy o godzinie 12.00 na zup\u0119 i deser. <\/span><\/strong><\/em><\/p>\n","protected":false},"excerpt":{"rendered":"<p>Kochani, to w\u0142a\u015bnie z tej okazji zapraszamy grupy III a, IV, IV a,\u00a0 na wsp\u00f3lne wyj\u015bcie do Ogrodu Botanicznego na obchody Dnia Ochrony \u015arodowiska.\u00a0 5 czerwca 2024r.,\u00a0 wyruszamy po \u015bniadaniu [&hellip;]<\/p>\n","protected":false},"author":115,"featured_media":0,"comment_status":"closed","ping_status":"closed","sticky":false,"template":"","format":"standard","meta":{"ngg_post_thumbnail":0,"footnotes":""},"categories":[3],"tags":[],"class_list":["post-11110","post","type-post","status-publish","format-standard","hentry","category-aktualnosci","clearfix"],"_links":{"self":[{"href":"https:\/\/przedszkole18.edu.wroclaw.pl\/index.php\/wp-json\/wp\/v2\/posts\/11110","targetHints":{"allow":["GET"]}}],"collection":[{"href":"https:\/\/przedszkole18.edu.wroclaw.pl\/index.php\/wp-json\/wp\/v2\/posts"}],"about":[{"href":"https:\/\/przedszkole18.edu.wroclaw.pl\/index.php\/wp-json\/wp\/v2\/types\/post"}],"author":[{"embeddable":true,"href":"https:\/\/przedszkole18.edu.wroclaw.pl\/index.php\/wp-json\/wp\/v2\/users\/115"}],"replies":[{"embeddable":true,"href":"https:\/\/przedszkole18.edu.wroclaw.pl\/index.php\/wp-json\/wp\/v2\/comments?post=11110"}],"version-history":[{"count":1,"href":"https:\/\/przedszkole18.edu.wroclaw.pl\/index.php\/wp-json\/wp\/v2\/posts\/11110\/revisions"}],"predecessor-version":[{"id":11111,"href":"https:\/\/przedszkole18.edu.wroclaw.pl\/index.php\/wp-json\/wp\/v2\/posts\/11110\/revisions\/11111"}],"wp:attachment":[{"href":"https:\/\/przedszkole18.edu.wroclaw.pl\/index.php\/wp-json\/wp\/v2\/media?parent=11110"}],"wp:term":[{"taxonomy":"category","embeddable":true,"href":"https:\/\/przedszkole18.edu.wroclaw.pl\/index.php\/wp-json\/wp\/v2\/categories?post=11110"},{"taxonomy":"post_tag","embeddable":true,"href":"https:\/\/przedszkole18.edu.wroclaw.pl\/index.php\/wp-json\/wp\/v2\/tags?post=11110"}],"curies":[{"name":"wp","href":"https:\/\/api.w.org\/{rel}","templated":true}]}}