
{"id":11116,"date":"2024-05-29T17:54:59","date_gmt":"2024-05-29T15:54:59","guid":{"rendered":"https:\/\/przedszkole18.edu.wroclaw.pl\/?p=11116"},"modified":"2024-05-29T17:58:43","modified_gmt":"2024-05-29T15:58:43","slug":"wsparcie","status":"publish","type":"post","link":"https:\/\/przedszkole18.edu.wroclaw.pl\/index.php\/2024\/05\/29\/wsparcie\/","title":{"rendered":"Wsparcie!"},"content":{"rendered":"<p><span style=\"font-size: 14pt;color: #008000\"><em><strong><span style=\"color: #800080\">Na pro\u015bb\u0119\u00a0 Przedszkola Akademia Maluszka, kt\u00f3ra pragnie wesprze\u0107 ratowanie zdrowia ma\u0142ego Frania,\u00a0 zamieszczam\u00a0 ich propozycj\u0119 i pomys\u0142 na wsp\u00f3lne sp\u0119dzenie czasu i w\u0142\u0105czenie si\u0119 w t\u0119 szlachetn\u0105 akcj\u0119.<\/span><\/strong><\/em><\/span><\/p>\n<p><span style=\"color: #0000ff;font-size: 14pt\"><em><strong>Osoba do kontaktu dla zainteresowanych pod nr telefonu: 687874 669<\/strong><\/em><\/span><\/p>\n<p>&nbsp;<\/p>\n<p><em><strong><span style=\"color: #666699\">Pozdrawiam Was wszystkich ciep\u0142o, bardzo dzi\u0119kuj\u0119 . Dyrektor plac\u00f3wki Lidia Walczak-I\u017cycka <img loading=\"lazy\" decoding=\"async\" class=\"alignnone wp-image-10778\" src=\"https:\/\/przedszkole18.edu.wroclaw.pl\/wp-content\/uploads\/sites\/36\/2024\/02\/1.jpg\" alt=\"\" width=\"71\" height=\"60\" \/><\/span><br \/>\n<\/strong><\/em><\/p>\n","protected":false},"excerpt":{"rendered":"<p>Na pro\u015bb\u0119\u00a0 Przedszkola Akademia Maluszka, kt\u00f3ra pragnie wesprze\u0107 ratowanie zdrowia ma\u0142ego Frania,\u00a0 zamieszczam\u00a0 ich propozycj\u0119 i pomys\u0142 na wsp\u00f3lne sp\u0119dzenie czasu i w\u0142\u0105czenie si\u0119 w t\u0119 szlachetn\u0105 akcj\u0119. Osoba do [&hellip;]<\/p>\n","protected":false},"author":115,"featured_media":0,"comment_status":"closed","ping_status":"closed","sticky":false,"template":"","format":"standard","meta":{"ngg_post_thumbnail":0,"footnotes":""},"categories":[3],"tags":[],"class_list":["post-11116","post","type-post","status-publish","format-standard","hentry","category-aktualnosci","clearfix"],"_links":{"self":[{"href":"https:\/\/przedszkole18.edu.wroclaw.pl\/index.php\/wp-json\/wp\/v2\/posts\/11116","targetHints":{"allow":["GET"]}}],"collection":[{"href":"https:\/\/przedszkole18.edu.wroclaw.pl\/index.php\/wp-json\/wp\/v2\/posts"}],"about":[{"href":"https:\/\/przedszkole18.edu.wroclaw.pl\/index.php\/wp-json\/wp\/v2\/types\/post"}],"author":[{"embeddable":true,"href":"https:\/\/przedszkole18.edu.wroclaw.pl\/index.php\/wp-json\/wp\/v2\/users\/115"}],"replies":[{"embeddable":true,"href":"https:\/\/przedszkole18.edu.wroclaw.pl\/index.php\/wp-json\/wp\/v2\/comments?post=11116"}],"version-history":[{"count":4,"href":"https:\/\/przedszkole18.edu.wroclaw.pl\/index.php\/wp-json\/wp\/v2\/posts\/11116\/revisions"}],"predecessor-version":[{"id":11120,"href":"https:\/\/przedszkole18.edu.wroclaw.pl\/index.php\/wp-json\/wp\/v2\/posts\/11116\/revisions\/11120"}],"wp:attachment":[{"href":"https:\/\/przedszkole18.edu.wroclaw.pl\/index.php\/wp-json\/wp\/v2\/media?parent=11116"}],"wp:term":[{"taxonomy":"category","embeddable":true,"href":"https:\/\/przedszkole18.edu.wroclaw.pl\/index.php\/wp-json\/wp\/v2\/categories?post=11116"},{"taxonomy":"post_tag","embeddable":true,"href":"https:\/\/przedszkole18.edu.wroclaw.pl\/index.php\/wp-json\/wp\/v2\/tags?post=11116"}],"curies":[{"name":"wp","href":"https:\/\/api.w.org\/{rel}","templated":true}]}}