
{"id":11134,"date":"2024-06-03T18:11:14","date_gmt":"2024-06-03T16:11:14","guid":{"rendered":"https:\/\/przedszkole18.edu.wroclaw.pl\/?p=11134"},"modified":"2024-06-03T18:14:08","modified_gmt":"2024-06-03T16:14:08","slug":"festyn-rodzinny-w-wiolinku-3","status":"publish","type":"post","link":"https:\/\/przedszkole18.edu.wroclaw.pl\/index.php\/2024\/06\/03\/festyn-rodzinny-w-wiolinku-3\/","title":{"rendered":"Festyn Rodzinny w &#8222;Wiolinku &#8222;"},"content":{"rendered":"<p><span style=\"font-size: 14pt;color: #000080\"><em><strong><img loading=\"lazy\" decoding=\"async\" class=\"alignnone size-full wp-image-11130\" src=\"https:\/\/przedszkole18.edu.wroclaw.pl\/wp-content\/uploads\/sites\/36\/2024\/05\/registo.gif\" alt=\"\" width=\"300\" height=\"153\" \/><img loading=\"lazy\" decoding=\"async\" class=\"alignnone size-full wp-image-11130\" src=\"https:\/\/przedszkole18.edu.wroclaw.pl\/wp-content\/uploads\/sites\/36\/2024\/05\/registo.gif\" alt=\"\" width=\"300\" height=\"153\" \/><img loading=\"lazy\" decoding=\"async\" class=\"alignnone size-full wp-image-11130\" src=\"https:\/\/przedszkole18.edu.wroclaw.pl\/wp-content\/uploads\/sites\/36\/2024\/05\/registo.gif\" alt=\"\" width=\"300\" height=\"153\" \/><\/strong><\/em><\/span><\/p>\n<p><span style=\"font-size: 14pt;color: #000080\"><em><strong>Szanowni Pa\u0144stwo, kochane dzieci! <\/strong><\/em><\/span><\/p>\n<p><span style=\"font-size: 14pt;color: #800080\"><em><strong>Wszystko,\u00a0 co wa\u017cne przeczytacie na plakacie w przedszkolnym holu. <\/strong><\/em><\/span><\/p>\n<p><span style=\"font-size: 14pt;color: #800080\"><em><strong>Oczywi\u015bcie Rad\u0119 Rodzic\u00f3w prosimy o wsparcie festynowej kawiarenki, czekamy na Wasze pyszne ciasta. Mile widziane 3 blaszki z grupy, mo\u017ce by\u0107 wi\u0119cej! Wszyscy wiemy,\u00a0 jak du\u017c\u0105 popularno\u015bci\u0105 ciesz\u0105 si\u0119 Wasze domowe, smaczne\u00a0 wypieki.<\/strong><\/em><\/span><\/p>\n<p><span style=\"font-size: 14pt;color: #800080\"><em><strong> Potrzebujemy tak\u017ce wsparcia,\u00a0 przy maszynie do kr\u0119cenia waty cukrowej. Tam te\u017c b\u0119dzie sta\u0142a d\u0142uga kolejka.Ch\u0119tnych do pomocy zapraszam do kontaktu. Pozdrawiam i \u017cycz\u0119 zdrowia. <span style=\"font-size: 12pt;color: #666699\">Dyrektor plac\u00f3wki Lidia Walczak-I\u017cycka <\/span><br \/>\n<\/strong><\/em><\/span><\/p>\n<p><span style=\"font-size: 14pt;color: #800080\"><em>\u00a0<\/em><\/span><\/p>\n","protected":false},"excerpt":{"rendered":"<p>Szanowni Pa\u0144stwo, kochane dzieci! Wszystko,\u00a0 co wa\u017cne przeczytacie na plakacie w przedszkolnym holu. Oczywi\u015bcie Rad\u0119 Rodzic\u00f3w prosimy o wsparcie festynowej kawiarenki, czekamy na Wasze pyszne ciasta. Mile widziane 3 blaszki [&hellip;]<\/p>\n","protected":false},"author":115,"featured_media":0,"comment_status":"closed","ping_status":"closed","sticky":false,"template":"","format":"standard","meta":{"ngg_post_thumbnail":0,"footnotes":""},"categories":[3],"tags":[],"class_list":["post-11134","post","type-post","status-publish","format-standard","hentry","category-aktualnosci","clearfix"],"_links":{"self":[{"href":"https:\/\/przedszkole18.edu.wroclaw.pl\/index.php\/wp-json\/wp\/v2\/posts\/11134","targetHints":{"allow":["GET"]}}],"collection":[{"href":"https:\/\/przedszkole18.edu.wroclaw.pl\/index.php\/wp-json\/wp\/v2\/posts"}],"about":[{"href":"https:\/\/przedszkole18.edu.wroclaw.pl\/index.php\/wp-json\/wp\/v2\/types\/post"}],"author":[{"embeddable":true,"href":"https:\/\/przedszkole18.edu.wroclaw.pl\/index.php\/wp-json\/wp\/v2\/users\/115"}],"replies":[{"embeddable":true,"href":"https:\/\/przedszkole18.edu.wroclaw.pl\/index.php\/wp-json\/wp\/v2\/comments?post=11134"}],"version-history":[{"count":3,"href":"https:\/\/przedszkole18.edu.wroclaw.pl\/index.php\/wp-json\/wp\/v2\/posts\/11134\/revisions"}],"predecessor-version":[{"id":11137,"href":"https:\/\/przedszkole18.edu.wroclaw.pl\/index.php\/wp-json\/wp\/v2\/posts\/11134\/revisions\/11137"}],"wp:attachment":[{"href":"https:\/\/przedszkole18.edu.wroclaw.pl\/index.php\/wp-json\/wp\/v2\/media?parent=11134"}],"wp:term":[{"taxonomy":"category","embeddable":true,"href":"https:\/\/przedszkole18.edu.wroclaw.pl\/index.php\/wp-json\/wp\/v2\/categories?post=11134"},{"taxonomy":"post_tag","embeddable":true,"href":"https:\/\/przedszkole18.edu.wroclaw.pl\/index.php\/wp-json\/wp\/v2\/tags?post=11134"}],"curies":[{"name":"wp","href":"https:\/\/api.w.org\/{rel}","templated":true}]}}