
{"id":11149,"date":"2024-06-10T19:01:24","date_gmt":"2024-06-10T17:01:24","guid":{"rendered":"https:\/\/przedszkole18.edu.wroclaw.pl\/?p=11149"},"modified":"2024-06-10T19:03:47","modified_gmt":"2024-06-10T17:03:47","slug":"dziekujemy-4","status":"publish","type":"post","link":"https:\/\/przedszkole18.edu.wroclaw.pl\/index.php\/2024\/06\/10\/dziekujemy-4\/","title":{"rendered":"Dzi\u0119kujemy!"},"content":{"rendered":"<p><span style=\"color: #003366\"><strong><em><span style=\"font-size: 14pt\">Szanowni Rodzice, Wspaniali Pracownicy, Kochane Dzieci.<\/span><\/em><\/strong><\/span><\/p>\n<p><span style=\"color: #003366\"><strong><em><span style=\"font-size: 14pt\">Serdecznie dzi\u0119kuj\u0119 Wszystkim Tym, kt\u00f3rzy dzi\u0119ki swojemu zaanga\u017cowaniu, pomys\u0142owo\u015bci i dzia\u0142aniu przyczynili si\u0119 do wspania\u0142ej atmosfery podczas tegorocznego festynu rodzinnego. Po raz kolejny udowodnili\u015bcie, \u017ce wsp\u00f3lnie\u00a0 mo\u017cemy osi\u0105gn\u0105\u0107 sukces i pi\u0119knie sp\u0119dzi\u0107 czas.<\/span><\/em><\/strong><\/span><\/p>\n<p><span style=\"color: #003366\"><strong><em><span style=\"font-size: 14pt\"> Dzi\u0119kuj\u0119 i \u017cycz\u0119 wszystkiego dobrego.<\/span><\/em><\/strong><\/span> <span style=\"color: #666699\"><em>Lidia Walczak-I\u017cycka \u00a0<\/em> <\/span><\/p>\n","protected":false},"excerpt":{"rendered":"<p>Szanowni Rodzice, Wspaniali Pracownicy, Kochane Dzieci. Serdecznie dzi\u0119kuj\u0119 Wszystkim Tym, kt\u00f3rzy dzi\u0119ki swojemu zaanga\u017cowaniu, pomys\u0142owo\u015bci i dzia\u0142aniu przyczynili si\u0119 do wspania\u0142ej atmosfery podczas tegorocznego festynu rodzinnego. Po raz kolejny udowodnili\u015bcie, [&hellip;]<\/p>\n","protected":false},"author":115,"featured_media":10778,"comment_status":"closed","ping_status":"closed","sticky":false,"template":"","format":"standard","meta":{"ngg_post_thumbnail":0,"footnotes":""},"categories":[3],"tags":[],"class_list":["post-11149","post","type-post","status-publish","format-standard","has-post-thumbnail","hentry","category-aktualnosci","clearfix"],"_links":{"self":[{"href":"https:\/\/przedszkole18.edu.wroclaw.pl\/index.php\/wp-json\/wp\/v2\/posts\/11149","targetHints":{"allow":["GET"]}}],"collection":[{"href":"https:\/\/przedszkole18.edu.wroclaw.pl\/index.php\/wp-json\/wp\/v2\/posts"}],"about":[{"href":"https:\/\/przedszkole18.edu.wroclaw.pl\/index.php\/wp-json\/wp\/v2\/types\/post"}],"author":[{"embeddable":true,"href":"https:\/\/przedszkole18.edu.wroclaw.pl\/index.php\/wp-json\/wp\/v2\/users\/115"}],"replies":[{"embeddable":true,"href":"https:\/\/przedszkole18.edu.wroclaw.pl\/index.php\/wp-json\/wp\/v2\/comments?post=11149"}],"version-history":[{"count":4,"href":"https:\/\/przedszkole18.edu.wroclaw.pl\/index.php\/wp-json\/wp\/v2\/posts\/11149\/revisions"}],"predecessor-version":[{"id":11153,"href":"https:\/\/przedszkole18.edu.wroclaw.pl\/index.php\/wp-json\/wp\/v2\/posts\/11149\/revisions\/11153"}],"wp:featuredmedia":[{"embeddable":true,"href":"https:\/\/przedszkole18.edu.wroclaw.pl\/index.php\/wp-json\/wp\/v2\/media\/10778"}],"wp:attachment":[{"href":"https:\/\/przedszkole18.edu.wroclaw.pl\/index.php\/wp-json\/wp\/v2\/media?parent=11149"}],"wp:term":[{"taxonomy":"category","embeddable":true,"href":"https:\/\/przedszkole18.edu.wroclaw.pl\/index.php\/wp-json\/wp\/v2\/categories?post=11149"},{"taxonomy":"post_tag","embeddable":true,"href":"https:\/\/przedszkole18.edu.wroclaw.pl\/index.php\/wp-json\/wp\/v2\/tags?post=11149"}],"curies":[{"name":"wp","href":"https:\/\/api.w.org\/{rel}","templated":true}]}}