
{"id":11154,"date":"2024-06-10T19:14:23","date_gmt":"2024-06-10T17:14:23","guid":{"rendered":"https:\/\/przedszkole18.edu.wroclaw.pl\/?p=11154"},"modified":"2024-06-10T19:14:23","modified_gmt":"2024-06-10T17:14:23","slug":"zakonczenie-roku-szkolnego-6-latki","status":"publish","type":"post","link":"https:\/\/przedszkole18.edu.wroclaw.pl\/index.php\/2024\/06\/10\/zakonczenie-roku-szkolnego-6-latki\/","title":{"rendered":"Zako\u0144czenie roku szkolnego 6 latki!"},"content":{"rendered":"<p><span style=\"font-size: 14pt;color: #800000\"><em><strong>Szanowni Pa\u0144stwo zgodnie z wcze\u015bniejszymi informacjami, przypominamy. <\/strong><\/em><\/span><\/p>\n<p><span style=\"font-size: 14pt;color: #800000\"><em><strong>12 czerwca \/\u015broda\/\u00a0 godzin 15.30 uroczyste po\u017cegnanie 6 -latk\u00f3w\u00a0 &#8211; grupa IV <\/strong><\/em><\/span><\/p>\n<p><span style=\"font-size: 14pt;color: #800000\"><em><strong>13 czerwca\/czwartek\/ godzina 15.30 uroczyste po\u017cegnanie 6 -latk\u00f3w\u00a0 &#8211; grupa IV &#8222;a&#8221;<\/strong><\/em><\/span><\/p>\n<p><span style=\"font-size: 14pt;color: #800000\"><em><strong>W planie\u00a0 uroczysto\u015bci,\u00a0 program artystyczny w wykonaniu dzieci, wr\u0119czenie pami\u0105tkowych dyplom\u00f3w,\u00a0 ksi\u0105\u017cek ufundowanych przez Rad\u0119 Rodzic\u00f3w i oczywi\u015bcie zdmuchni\u0119cie symbolicznej \u015bwieczki na przygotowanym torcie. <\/strong><\/em><\/span><\/p>\n<p><span style=\"font-size: 14pt;color: #800000\"><em><strong>Zapraszamy serdecznie. Czekamy na Was.\u00a0<\/strong> <\/em><\/span><\/p>\n","protected":false},"excerpt":{"rendered":"<p>Szanowni Pa\u0144stwo zgodnie z wcze\u015bniejszymi informacjami, przypominamy. 12 czerwca \/\u015broda\/\u00a0 godzin 15.30 uroczyste po\u017cegnanie 6 -latk\u00f3w\u00a0 &#8211; grupa IV 13 czerwca\/czwartek\/ godzina 15.30 uroczyste po\u017cegnanie 6 -latk\u00f3w\u00a0 &#8211; grupa IV [&hellip;]<\/p>\n","protected":false},"author":115,"featured_media":9506,"comment_status":"closed","ping_status":"closed","sticky":false,"template":"","format":"standard","meta":{"ngg_post_thumbnail":0,"footnotes":""},"categories":[3],"tags":[],"class_list":["post-11154","post","type-post","status-publish","format-standard","has-post-thumbnail","hentry","category-aktualnosci","clearfix"],"_links":{"self":[{"href":"https:\/\/przedszkole18.edu.wroclaw.pl\/index.php\/wp-json\/wp\/v2\/posts\/11154","targetHints":{"allow":["GET"]}}],"collection":[{"href":"https:\/\/przedszkole18.edu.wroclaw.pl\/index.php\/wp-json\/wp\/v2\/posts"}],"about":[{"href":"https:\/\/przedszkole18.edu.wroclaw.pl\/index.php\/wp-json\/wp\/v2\/types\/post"}],"author":[{"embeddable":true,"href":"https:\/\/przedszkole18.edu.wroclaw.pl\/index.php\/wp-json\/wp\/v2\/users\/115"}],"replies":[{"embeddable":true,"href":"https:\/\/przedszkole18.edu.wroclaw.pl\/index.php\/wp-json\/wp\/v2\/comments?post=11154"}],"version-history":[{"count":1,"href":"https:\/\/przedszkole18.edu.wroclaw.pl\/index.php\/wp-json\/wp\/v2\/posts\/11154\/revisions"}],"predecessor-version":[{"id":11155,"href":"https:\/\/przedszkole18.edu.wroclaw.pl\/index.php\/wp-json\/wp\/v2\/posts\/11154\/revisions\/11155"}],"wp:featuredmedia":[{"embeddable":true,"href":"https:\/\/przedszkole18.edu.wroclaw.pl\/index.php\/wp-json\/wp\/v2\/media\/9506"}],"wp:attachment":[{"href":"https:\/\/przedszkole18.edu.wroclaw.pl\/index.php\/wp-json\/wp\/v2\/media?parent=11154"}],"wp:term":[{"taxonomy":"category","embeddable":true,"href":"https:\/\/przedszkole18.edu.wroclaw.pl\/index.php\/wp-json\/wp\/v2\/categories?post=11154"},{"taxonomy":"post_tag","embeddable":true,"href":"https:\/\/przedszkole18.edu.wroclaw.pl\/index.php\/wp-json\/wp\/v2\/tags?post=11154"}],"curies":[{"name":"wp","href":"https:\/\/api.w.org\/{rel}","templated":true}]}}