
{"id":11157,"date":"2024-06-11T14:43:31","date_gmt":"2024-06-11T12:43:31","guid":{"rendered":"https:\/\/przedszkole18.edu.wroclaw.pl\/?p=11157"},"modified":"2024-06-11T16:06:39","modified_gmt":"2024-06-11T14:06:39","slug":"propozycja-2","status":"publish","type":"post","link":"https:\/\/przedszkole18.edu.wroclaw.pl\/index.php\/2024\/06\/11\/propozycja-2\/","title":{"rendered":"Propozycja."},"content":{"rendered":"<p><span style=\"font-size: 14pt;color: #000080\"><em><strong>Szanowni Pa\u0144stwo!<\/strong><\/em><\/span><\/p>\n<p><span style=\"font-size: 14pt;color: #000080\"><em><strong>W imieniu organizator\u00f3w zapraszamy\u00a0 na wydarzenie,\u00a0 godne Pa\u0144stw uwagi i czasu. Mo\u017ce\u00a0 zwi\u0119kszy to nasz\u0105 \u015bwiadomo\u015b\u0107 o krucho\u015bci ludzkiego \u017cycia. Przy okazji poproszono nas o zebranie\u00a0 opakowa\u0144 po jajkach niespodziankach, wk\u0142adane s\u0105 do nich jednorazowe r\u0119kawiczki i przekazywane kierowcom pojazd\u00f3w, by mogli ich u\u017cy\u0107 w sytuacji konieczno\u015bci udzielania pierwszej pomocy.\u00a0 \u00a0<\/strong><\/em><\/span><\/p>\n<p><span style=\"font-size: 14pt;color: #000080\"><em><strong> Je\u017celi jeste\u015bcie w posiadaniu\u00a0 takich pude\u0142eczek zapraszam, przynie\u015bcie, a my\u00a0 przeka\u017cemy\u00a0 je organizatorom akcji.\u00a0<\/strong><\/em><\/span><\/p>\n<p><span style=\"font-size: 14pt;color: #000080\"><em><strong> Pozdrawiam. <span style=\"font-size: 12pt;color: #666699\">Lidia Walczak-I\u017cycka\u00a0 <\/span><br \/>\n<\/strong><\/em><\/span><\/p>\n<p><img loading=\"lazy\" decoding=\"async\" class=\"alignnone size-medium wp-image-11156\" src=\"https:\/\/przedszkole18.edu.wroclaw.pl\/wp-content\/uploads\/sites\/36\/2024\/06\/Oddaj-krew-16.06.24-r.8-212x300.jpg\" alt=\"\" width=\"212\" height=\"300\" srcset=\"https:\/\/przedszkole18.edu.wroclaw.pl\/wp-content\/uploads\/sites\/36\/2024\/06\/Oddaj-krew-16.06.24-r.8-212x300.jpg 212w, https:\/\/przedszkole18.edu.wroclaw.pl\/wp-content\/uploads\/sites\/36\/2024\/06\/Oddaj-krew-16.06.24-r.8-724x1024.jpg 724w, https:\/\/przedszkole18.edu.wroclaw.pl\/wp-content\/uploads\/sites\/36\/2024\/06\/Oddaj-krew-16.06.24-r.8-768x1086.jpg 768w, https:\/\/przedszkole18.edu.wroclaw.pl\/wp-content\/uploads\/sites\/36\/2024\/06\/Oddaj-krew-16.06.24-r.8-1086x1536.jpg 1086w, https:\/\/przedszkole18.edu.wroclaw.pl\/wp-content\/uploads\/sites\/36\/2024\/06\/Oddaj-krew-16.06.24-r.8-1448x2048.jpg 1448w, https:\/\/przedszkole18.edu.wroclaw.pl\/wp-content\/uploads\/sites\/36\/2024\/06\/Oddaj-krew-16.06.24-r.8-scaled.jpg 1810w\" sizes=\"auto, (max-width: 212px) 100vw, 212px\" \/><\/p>\n","protected":false},"excerpt":{"rendered":"<p>Szanowni Pa\u0144stwo! W imieniu organizator\u00f3w zapraszamy\u00a0 na wydarzenie,\u00a0 godne Pa\u0144stw uwagi i czasu. Mo\u017ce\u00a0 zwi\u0119kszy to nasz\u0105 \u015bwiadomo\u015b\u0107 o krucho\u015bci ludzkiego \u017cycia. Przy okazji poproszono nas o zebranie\u00a0 opakowa\u0144 po [&hellip;]<\/p>\n","protected":false},"author":115,"featured_media":11156,"comment_status":"closed","ping_status":"closed","sticky":false,"template":"","format":"standard","meta":{"ngg_post_thumbnail":0,"footnotes":""},"categories":[3],"tags":[],"class_list":["post-11157","post","type-post","status-publish","format-standard","has-post-thumbnail","hentry","category-aktualnosci","clearfix"],"_links":{"self":[{"href":"https:\/\/przedszkole18.edu.wroclaw.pl\/index.php\/wp-json\/wp\/v2\/posts\/11157","targetHints":{"allow":["GET"]}}],"collection":[{"href":"https:\/\/przedszkole18.edu.wroclaw.pl\/index.php\/wp-json\/wp\/v2\/posts"}],"about":[{"href":"https:\/\/przedszkole18.edu.wroclaw.pl\/index.php\/wp-json\/wp\/v2\/types\/post"}],"author":[{"embeddable":true,"href":"https:\/\/przedszkole18.edu.wroclaw.pl\/index.php\/wp-json\/wp\/v2\/users\/115"}],"replies":[{"embeddable":true,"href":"https:\/\/przedszkole18.edu.wroclaw.pl\/index.php\/wp-json\/wp\/v2\/comments?post=11157"}],"version-history":[{"count":4,"href":"https:\/\/przedszkole18.edu.wroclaw.pl\/index.php\/wp-json\/wp\/v2\/posts\/11157\/revisions"}],"predecessor-version":[{"id":11164,"href":"https:\/\/przedszkole18.edu.wroclaw.pl\/index.php\/wp-json\/wp\/v2\/posts\/11157\/revisions\/11164"}],"wp:featuredmedia":[{"embeddable":true,"href":"https:\/\/przedszkole18.edu.wroclaw.pl\/index.php\/wp-json\/wp\/v2\/media\/11156"}],"wp:attachment":[{"href":"https:\/\/przedszkole18.edu.wroclaw.pl\/index.php\/wp-json\/wp\/v2\/media?parent=11157"}],"wp:term":[{"taxonomy":"category","embeddable":true,"href":"https:\/\/przedszkole18.edu.wroclaw.pl\/index.php\/wp-json\/wp\/v2\/categories?post=11157"},{"taxonomy":"post_tag","embeddable":true,"href":"https:\/\/przedszkole18.edu.wroclaw.pl\/index.php\/wp-json\/wp\/v2\/tags?post=11157"}],"curies":[{"name":"wp","href":"https:\/\/api.w.org\/{rel}","templated":true}]}}