
{"id":11199,"date":"2024-06-20T11:13:20","date_gmt":"2024-06-20T09:13:20","guid":{"rendered":"https:\/\/przedszkole18.edu.wroclaw.pl\/?p=11199"},"modified":"2024-06-20T11:15:20","modified_gmt":"2024-06-20T09:15:20","slug":"przedszkole-dyzurujace-lipiec","status":"publish","type":"post","link":"https:\/\/przedszkole18.edu.wroclaw.pl\/index.php\/2024\/06\/20\/przedszkole-dyzurujace-lipiec\/","title":{"rendered":"Przedszkole dy\u017curuj\u0105ce! Lipiec"},"content":{"rendered":"<p><span style=\"color: #003366\">Szanowni Pa\u0144stwo.<\/span><\/p>\n<p><span style=\"color: #003366\"> Od 15 czerwca na werandzie przedszkola, wisi informacja dotycz\u0105ca przedszkola dy\u017curuj\u0105cego w lipcu dla zg\u0142oszonych dzieci. <\/span><\/p>\n<p><span style=\"color: #003366\">Informuj\u0119, \u017ce wszystkie z\u0142o\u017cone wnioski zosta\u0142y rozpatrzone pozytywnie, dzieci maj\u0105 miejsce w Przedszkolu nr 79 ul. Piwna 14\u00a0<\/span><\/p>\n<p><span style=\"color: #003366\">telefon &#8211; 71 798 68 14 ,<\/span> e-mali: <span style=\"color: #0000ff\">sekretariat.p079@wroclawskaedukacja.pl\u00a0<\/span><\/p>\n<p><span style=\"color: #003366\">Zgodnie z obowi\u0105zuj\u0105cymi procedurami,\u00a0 prosz\u0119 podpisa\u0107 w plac\u00f3wce dy\u017curuj\u0105cej deklaracj\u0119 korzystania z us\u0142ug w miesi\u0105cu lipcu w P-79 w deklaracji podajecie Pa\u0144stwo\u00a0 sw\u00f3j adres e-mail,\u00a0 na kt\u00f3ry otrzymacie Pa\u0144stwo\u00a0 informacj\u0119\u00a0 o op\u0142atach za korzystanie z przedszkola. <\/span><\/p>\n<p><span style=\"color: #003366\">Wszystkie informacje dotycz\u0105ce pobytu w P-79 otrzymacie Pa\u0144stwo na miejscu. Pozdrawiam\u00a0 dyrektor plac\u00f3wki.<\/span><\/p>\n","protected":false},"excerpt":{"rendered":"<p>Szanowni Pa\u0144stwo. Od 15 czerwca na werandzie przedszkola, wisi informacja dotycz\u0105ca przedszkola dy\u017curuj\u0105cego w lipcu dla zg\u0142oszonych dzieci. Informuj\u0119, \u017ce wszystkie z\u0142o\u017cone wnioski zosta\u0142y rozpatrzone pozytywnie, dzieci maj\u0105 miejsce w [&hellip;]<\/p>\n","protected":false},"author":115,"featured_media":9506,"comment_status":"closed","ping_status":"closed","sticky":false,"template":"","format":"standard","meta":{"ngg_post_thumbnail":0,"footnotes":""},"categories":[3],"tags":[],"class_list":["post-11199","post","type-post","status-publish","format-standard","has-post-thumbnail","hentry","category-aktualnosci","clearfix"],"_links":{"self":[{"href":"https:\/\/przedszkole18.edu.wroclaw.pl\/index.php\/wp-json\/wp\/v2\/posts\/11199","targetHints":{"allow":["GET"]}}],"collection":[{"href":"https:\/\/przedszkole18.edu.wroclaw.pl\/index.php\/wp-json\/wp\/v2\/posts"}],"about":[{"href":"https:\/\/przedszkole18.edu.wroclaw.pl\/index.php\/wp-json\/wp\/v2\/types\/post"}],"author":[{"embeddable":true,"href":"https:\/\/przedszkole18.edu.wroclaw.pl\/index.php\/wp-json\/wp\/v2\/users\/115"}],"replies":[{"embeddable":true,"href":"https:\/\/przedszkole18.edu.wroclaw.pl\/index.php\/wp-json\/wp\/v2\/comments?post=11199"}],"version-history":[{"count":3,"href":"https:\/\/przedszkole18.edu.wroclaw.pl\/index.php\/wp-json\/wp\/v2\/posts\/11199\/revisions"}],"predecessor-version":[{"id":11202,"href":"https:\/\/przedszkole18.edu.wroclaw.pl\/index.php\/wp-json\/wp\/v2\/posts\/11199\/revisions\/11202"}],"wp:featuredmedia":[{"embeddable":true,"href":"https:\/\/przedszkole18.edu.wroclaw.pl\/index.php\/wp-json\/wp\/v2\/media\/9506"}],"wp:attachment":[{"href":"https:\/\/przedszkole18.edu.wroclaw.pl\/index.php\/wp-json\/wp\/v2\/media?parent=11199"}],"wp:term":[{"taxonomy":"category","embeddable":true,"href":"https:\/\/przedszkole18.edu.wroclaw.pl\/index.php\/wp-json\/wp\/v2\/categories?post=11199"},{"taxonomy":"post_tag","embeddable":true,"href":"https:\/\/przedszkole18.edu.wroclaw.pl\/index.php\/wp-json\/wp\/v2\/tags?post=11199"}],"curies":[{"name":"wp","href":"https:\/\/api.w.org\/{rel}","templated":true}]}}