
{"id":11232,"date":"2024-06-27T11:06:43","date_gmt":"2024-06-27T09:06:43","guid":{"rendered":"https:\/\/przedszkole18.edu.wroclaw.pl\/?p=11232"},"modified":"2024-06-27T12:44:39","modified_gmt":"2024-06-27T10:44:39","slug":"wakacje-3","status":"publish","type":"post","link":"https:\/\/przedszkole18.edu.wroclaw.pl\/index.php\/2024\/06\/27\/wakacje-3\/","title":{"rendered":"Wakacje!"},"content":{"rendered":"<p><strong><span style=\"font-size: 14pt;color: #008080\"><em><span style=\"color: #000080\">Drodzy Pa\u0144stwo, kochane dzieci!<\/span> <\/em><\/span><\/strong><\/p>\n<p><span style=\"font-size: 14pt;color: #000080\"><em> Lipiec to czas odpoczynku od zaj\u0119\u0107 i zabaw w &#8222;Wiolinku.&#8221; \u017byczymy wszystkim wspania\u0142ych, ciep\u0142ych i radosnych wakacji. Mamy nadzieje, \u017ce b\u0119d\u0105 one dla Was czasem nowych, niecodziennych spotka\u0144 i przyg\u00f3d. Mo\u017ce odwiedzicie\u00a0 ciekawe miejsca i b\u0119dziecie mieli mo\u017cliwo\u015b\u0107 zanurzy\u0107 si\u0119 w ciep\u0142ym, b\u0142\u0119kitnym\u00a0 morzu lub oceanie.\u00a0 Tego Wam \u017cyczymy. Zdobywajcie nowych przyjaci\u00f3\u0142, nowe do\u015bwiadczenia i wracajcie bezpiecznie z Waszych podr\u00f3\u017cy. Pozdrawiamy i do zobaczenia.\u00a0<\/em><\/span><\/p>\n<p>&nbsp;<\/p>\n<p>&nbsp;<\/p>\n","protected":false},"excerpt":{"rendered":"<p>Drodzy Pa\u0144stwo, kochane dzieci! Lipiec to czas odpoczynku od zaj\u0119\u0107 i zabaw w &#8222;Wiolinku.&#8221; \u017byczymy wszystkim wspania\u0142ych, ciep\u0142ych i radosnych wakacji. Mamy nadzieje, \u017ce b\u0119d\u0105 one dla Was czasem nowych, [&hellip;]<\/p>\n","protected":false},"author":115,"featured_media":0,"comment_status":"closed","ping_status":"closed","sticky":false,"template":"","format":"standard","meta":{"ngg_post_thumbnail":0,"footnotes":""},"categories":[3],"tags":[],"class_list":["post-11232","post","type-post","status-publish","format-standard","hentry","category-aktualnosci","clearfix"],"_links":{"self":[{"href":"https:\/\/przedszkole18.edu.wroclaw.pl\/index.php\/wp-json\/wp\/v2\/posts\/11232","targetHints":{"allow":["GET"]}}],"collection":[{"href":"https:\/\/przedszkole18.edu.wroclaw.pl\/index.php\/wp-json\/wp\/v2\/posts"}],"about":[{"href":"https:\/\/przedszkole18.edu.wroclaw.pl\/index.php\/wp-json\/wp\/v2\/types\/post"}],"author":[{"embeddable":true,"href":"https:\/\/przedszkole18.edu.wroclaw.pl\/index.php\/wp-json\/wp\/v2\/users\/115"}],"replies":[{"embeddable":true,"href":"https:\/\/przedszkole18.edu.wroclaw.pl\/index.php\/wp-json\/wp\/v2\/comments?post=11232"}],"version-history":[{"count":4,"href":"https:\/\/przedszkole18.edu.wroclaw.pl\/index.php\/wp-json\/wp\/v2\/posts\/11232\/revisions"}],"predecessor-version":[{"id":11236,"href":"https:\/\/przedszkole18.edu.wroclaw.pl\/index.php\/wp-json\/wp\/v2\/posts\/11232\/revisions\/11236"}],"wp:attachment":[{"href":"https:\/\/przedszkole18.edu.wroclaw.pl\/index.php\/wp-json\/wp\/v2\/media?parent=11232"}],"wp:term":[{"taxonomy":"category","embeddable":true,"href":"https:\/\/przedszkole18.edu.wroclaw.pl\/index.php\/wp-json\/wp\/v2\/categories?post=11232"},{"taxonomy":"post_tag","embeddable":true,"href":"https:\/\/przedszkole18.edu.wroclaw.pl\/index.php\/wp-json\/wp\/v2\/tags?post=11232"}],"curies":[{"name":"wp","href":"https:\/\/api.w.org\/{rel}","templated":true}]}}