
{"id":11237,"date":"2024-06-27T13:03:07","date_gmt":"2024-06-27T11:03:07","guid":{"rendered":"https:\/\/przedszkole18.edu.wroclaw.pl\/?p=11237"},"modified":"2024-06-27T13:03:07","modified_gmt":"2024-06-27T11:03:07","slug":"prosze-pamietac","status":"publish","type":"post","link":"https:\/\/przedszkole18.edu.wroclaw.pl\/index.php\/2024\/06\/27\/prosze-pamietac\/","title":{"rendered":"PROSZ\u0118 PAMI\u0118TA\u0106!"},"content":{"rendered":"<p><span style=\"font-size: 14pt;color: #000080\"><em>Drodzy Pa\u0144stwo! <\/em><\/span><\/p>\n<p><span style=\"font-size: 14pt;color: #000080\"><em>Bardzo prosz\u0119,\u00a0 pami\u0119ta\u0107 o zabraniu z szatni wszystkich rzeczy, lipiec to czas zamkni\u0119cia przedszkola,\u00a0 ale te\u017c czas naszych remont\u00f3w. Od 3 lipca zaczynamy cyklinowanie pod\u0142\u00f3g w sali grupy I, II. Dzi\u0119kuj\u0119 rodzicom, kt\u00f3rzy zg\u0142osili si\u0119 do pomocy, przy wynoszeniu mebli z sal, jestem bardzo wdzi\u0119czna. <\/em><\/span><\/p>\n<p><span style=\"font-size: 14pt;color: #000080\"><em>Pami\u0119tajcie te\u017c kochani, dzieci chodz\u0105 do przedszkola w czerwcu i za ten czas informacj\u0119 o op\u0142acie\u00a0 dostaniecie Pa\u0144stwo w pierwszym tygodniu lipca, op\u0142ata winna by\u0107 przes\u0142ana do 15 lipca. Bardzo prosz\u0119 o terminowe dokonanie op\u0142aty, nie b\u0119dzie w\u00f3wczas potrzeby, niepokoi\u0107 Was na urlopach!\u00a0 <\/em><\/span><\/p>\n<p><span style=\"font-size: 14pt;color: #000080\"><em>Pozdrawiam \u017cycz\u0119 zdrowia i odpoczynku. <span style=\"color: #666699;font-size: 12pt\">Dyrektor plac\u00f3wki Lidia Walczak-I\u017cycka<\/span>\u00a0<\/em> <\/span><\/p>\n","protected":false},"excerpt":{"rendered":"<p>Drodzy Pa\u0144stwo! Bardzo prosz\u0119,\u00a0 pami\u0119ta\u0107 o zabraniu z szatni wszystkich rzeczy, lipiec to czas zamkni\u0119cia przedszkola,\u00a0 ale te\u017c czas naszych remont\u00f3w. Od 3 lipca zaczynamy cyklinowanie pod\u0142\u00f3g w sali grupy [&hellip;]<\/p>\n","protected":false},"author":115,"featured_media":9506,"comment_status":"closed","ping_status":"closed","sticky":false,"template":"","format":"standard","meta":{"ngg_post_thumbnail":0,"footnotes":""},"categories":[3],"tags":[],"class_list":["post-11237","post","type-post","status-publish","format-standard","has-post-thumbnail","hentry","category-aktualnosci","clearfix"],"_links":{"self":[{"href":"https:\/\/przedszkole18.edu.wroclaw.pl\/index.php\/wp-json\/wp\/v2\/posts\/11237","targetHints":{"allow":["GET"]}}],"collection":[{"href":"https:\/\/przedszkole18.edu.wroclaw.pl\/index.php\/wp-json\/wp\/v2\/posts"}],"about":[{"href":"https:\/\/przedszkole18.edu.wroclaw.pl\/index.php\/wp-json\/wp\/v2\/types\/post"}],"author":[{"embeddable":true,"href":"https:\/\/przedszkole18.edu.wroclaw.pl\/index.php\/wp-json\/wp\/v2\/users\/115"}],"replies":[{"embeddable":true,"href":"https:\/\/przedszkole18.edu.wroclaw.pl\/index.php\/wp-json\/wp\/v2\/comments?post=11237"}],"version-history":[{"count":1,"href":"https:\/\/przedszkole18.edu.wroclaw.pl\/index.php\/wp-json\/wp\/v2\/posts\/11237\/revisions"}],"predecessor-version":[{"id":11238,"href":"https:\/\/przedszkole18.edu.wroclaw.pl\/index.php\/wp-json\/wp\/v2\/posts\/11237\/revisions\/11238"}],"wp:featuredmedia":[{"embeddable":true,"href":"https:\/\/przedszkole18.edu.wroclaw.pl\/index.php\/wp-json\/wp\/v2\/media\/9506"}],"wp:attachment":[{"href":"https:\/\/przedszkole18.edu.wroclaw.pl\/index.php\/wp-json\/wp\/v2\/media?parent=11237"}],"wp:term":[{"taxonomy":"category","embeddable":true,"href":"https:\/\/przedszkole18.edu.wroclaw.pl\/index.php\/wp-json\/wp\/v2\/categories?post=11237"},{"taxonomy":"post_tag","embeddable":true,"href":"https:\/\/przedszkole18.edu.wroclaw.pl\/index.php\/wp-json\/wp\/v2\/tags?post=11237"}],"curies":[{"name":"wp","href":"https:\/\/api.w.org\/{rel}","templated":true}]}}