
{"id":11256,"date":"2024-08-05T17:18:00","date_gmt":"2024-08-05T15:18:00","guid":{"rendered":"https:\/\/przedszkole18.edu.wroclaw.pl\/?p=11256"},"modified":"2024-08-05T17:20:26","modified_gmt":"2024-08-05T15:20:26","slug":"podziekowanie","status":"publish","type":"post","link":"https:\/\/przedszkole18.edu.wroclaw.pl\/index.php\/2024\/08\/05\/podziekowanie\/","title":{"rendered":"Podzi\u0119kowanie"},"content":{"rendered":"<p><span style=\"color: #000080;font-size: 14pt\">Drodzy rodzice.\u00a0 Du\u017ce podzi\u0119kowanie dla rodzic\u00f3w, g\u0142\u00f3wnie pan\u00f3w , kt\u00f3rzy z du\u017cym zaanga\u017cowaniem pomogli nam wynie\u015b\u0107 meble z sal grupy I i\u00a0 II.\u00a0 Ju\u017c 3 lipca rozpocz\u0119\u0142o si\u0119 cyklinowanie w\u0142a\u015bnie w tych pomieszczeniach, prace zako\u0144czono i wszystko mog\u0142o wr\u00f3ci\u0107 na swoje miejsce r\u00f3wnie\u017c dzi\u0119ki Waszej pomocy drodzy Panowie.\u00a0\u00a0 Jak sami Pa\u0144stwo zauwa\u017cacie, parkiety\u00a0 w salach wygl\u0105daj\u0105 pi\u0119knie.\u00a0 Oby wszystkie remonty,\u00a0 mo\u017cna by\u0142o przeprowadza\u0107 tak sprawnie. <\/span><\/p>\n<p><span style=\"color: #000080;font-size: 14pt\">Jeszcze raz bardzo dzi\u0119kujemy za Wasz\u0105 pomoc. <span style=\"font-size: 12pt;color: #333399\">Dyrektor plac\u00f3wki <\/span><br \/>\n<\/span><\/p>\n","protected":false},"excerpt":{"rendered":"<p>Drodzy rodzice.\u00a0 Du\u017ce podzi\u0119kowanie dla rodzic\u00f3w, g\u0142\u00f3wnie pan\u00f3w , kt\u00f3rzy z du\u017cym zaanga\u017cowaniem pomogli nam wynie\u015b\u0107 meble z sal grupy I i\u00a0 II.\u00a0 Ju\u017c 3 lipca rozpocz\u0119\u0142o si\u0119 cyklinowanie w\u0142a\u015bnie [&hellip;]<\/p>\n","protected":false},"author":115,"featured_media":10778,"comment_status":"closed","ping_status":"closed","sticky":false,"template":"","format":"standard","meta":{"ngg_post_thumbnail":0,"footnotes":""},"categories":[3],"tags":[],"class_list":["post-11256","post","type-post","status-publish","format-standard","has-post-thumbnail","hentry","category-aktualnosci","clearfix"],"_links":{"self":[{"href":"https:\/\/przedszkole18.edu.wroclaw.pl\/index.php\/wp-json\/wp\/v2\/posts\/11256","targetHints":{"allow":["GET"]}}],"collection":[{"href":"https:\/\/przedszkole18.edu.wroclaw.pl\/index.php\/wp-json\/wp\/v2\/posts"}],"about":[{"href":"https:\/\/przedszkole18.edu.wroclaw.pl\/index.php\/wp-json\/wp\/v2\/types\/post"}],"author":[{"embeddable":true,"href":"https:\/\/przedszkole18.edu.wroclaw.pl\/index.php\/wp-json\/wp\/v2\/users\/115"}],"replies":[{"embeddable":true,"href":"https:\/\/przedszkole18.edu.wroclaw.pl\/index.php\/wp-json\/wp\/v2\/comments?post=11256"}],"version-history":[{"count":3,"href":"https:\/\/przedszkole18.edu.wroclaw.pl\/index.php\/wp-json\/wp\/v2\/posts\/11256\/revisions"}],"predecessor-version":[{"id":11259,"href":"https:\/\/przedszkole18.edu.wroclaw.pl\/index.php\/wp-json\/wp\/v2\/posts\/11256\/revisions\/11259"}],"wp:featuredmedia":[{"embeddable":true,"href":"https:\/\/przedszkole18.edu.wroclaw.pl\/index.php\/wp-json\/wp\/v2\/media\/10778"}],"wp:attachment":[{"href":"https:\/\/przedszkole18.edu.wroclaw.pl\/index.php\/wp-json\/wp\/v2\/media?parent=11256"}],"wp:term":[{"taxonomy":"category","embeddable":true,"href":"https:\/\/przedszkole18.edu.wroclaw.pl\/index.php\/wp-json\/wp\/v2\/categories?post=11256"},{"taxonomy":"post_tag","embeddable":true,"href":"https:\/\/przedszkole18.edu.wroclaw.pl\/index.php\/wp-json\/wp\/v2\/tags?post=11256"}],"curies":[{"name":"wp","href":"https:\/\/api.w.org\/{rel}","templated":true}]}}