
{"id":11260,"date":"2024-08-05T17:29:33","date_gmt":"2024-08-05T15:29:33","guid":{"rendered":"https:\/\/przedszkole18.edu.wroclaw.pl\/?p=11260"},"modified":"2024-08-08T12:11:59","modified_gmt":"2024-08-08T10:11:59","slug":"standardy-i-polityka-ochrony-dzieci-przed-krzywdzeniem-w-p-18","status":"publish","type":"post","link":"https:\/\/przedszkole18.edu.wroclaw.pl\/index.php\/2024\/08\/05\/standardy-i-polityka-ochrony-dzieci-przed-krzywdzeniem-w-p-18\/","title":{"rendered":"Standardy i polityka ochrony dzieci przed krzywdzeniem w P-18"},"content":{"rendered":"<p><span style=\"font-size: 14pt;color: #003366\">Zgodnie z Zarz\u0105dzeniem Dyrektora Przedszkola nr 18 &#8222;Wiolinek&#8221;\u00a0 z dnia 15 lipca 2024 r., wprowadza si\u0119 w plac\u00f3wce nast\u0119puj\u0105ce dokumenty:\u00a0<\/span><\/p>\n<p><a href=\"https:\/\/przedszkole18.edu.wroclaw.pl\/wp-content\/uploads\/sites\/36\/2024\/08\/Standardy-ochrony-dzieci-dzieci-w-P-18.pdf\">Standardy ochrony dzieci dzieci w P-18<\/a><\/p>\n<p><a href=\"https:\/\/przedszkole18.edu.wroclaw.pl\/wp-content\/uploads\/sites\/36\/2024\/08\/Polityka-ochrony-dzieci-przed-krzywdzeniem-P-18.pdf\">Polityka ochrony dzieci przed krzywdzeniem P-18<\/a><\/p>\n<p><span style=\"font-size: 14pt;color: #003366\">Prosimy\u00a0 o zapoznanie si\u0119 z wprowadzonymi\u00a0 dokumentami. <\/span><\/p>\n","protected":false},"excerpt":{"rendered":"<p>Zgodnie z Zarz\u0105dzeniem Dyrektora Przedszkola nr 18 &#8222;Wiolinek&#8221;\u00a0 z dnia 15 lipca 2024 r., wprowadza si\u0119 w plac\u00f3wce nast\u0119puj\u0105ce dokumenty:\u00a0 Standardy ochrony dzieci dzieci w P-18 Polityka ochrony dzieci przed [&hellip;]<\/p>\n","protected":false},"author":115,"featured_media":11130,"comment_status":"closed","ping_status":"closed","sticky":false,"template":"","format":"standard","meta":{"ngg_post_thumbnail":0,"footnotes":""},"categories":[3],"tags":[],"class_list":["post-11260","post","type-post","status-publish","format-standard","has-post-thumbnail","hentry","category-aktualnosci","clearfix"],"_links":{"self":[{"href":"https:\/\/przedszkole18.edu.wroclaw.pl\/index.php\/wp-json\/wp\/v2\/posts\/11260","targetHints":{"allow":["GET"]}}],"collection":[{"href":"https:\/\/przedszkole18.edu.wroclaw.pl\/index.php\/wp-json\/wp\/v2\/posts"}],"about":[{"href":"https:\/\/przedszkole18.edu.wroclaw.pl\/index.php\/wp-json\/wp\/v2\/types\/post"}],"author":[{"embeddable":true,"href":"https:\/\/przedszkole18.edu.wroclaw.pl\/index.php\/wp-json\/wp\/v2\/users\/115"}],"replies":[{"embeddable":true,"href":"https:\/\/przedszkole18.edu.wroclaw.pl\/index.php\/wp-json\/wp\/v2\/comments?post=11260"}],"version-history":[{"count":5,"href":"https:\/\/przedszkole18.edu.wroclaw.pl\/index.php\/wp-json\/wp\/v2\/posts\/11260\/revisions"}],"predecessor-version":[{"id":11277,"href":"https:\/\/przedszkole18.edu.wroclaw.pl\/index.php\/wp-json\/wp\/v2\/posts\/11260\/revisions\/11277"}],"wp:featuredmedia":[{"embeddable":true,"href":"https:\/\/przedszkole18.edu.wroclaw.pl\/index.php\/wp-json\/wp\/v2\/media\/11130"}],"wp:attachment":[{"href":"https:\/\/przedszkole18.edu.wroclaw.pl\/index.php\/wp-json\/wp\/v2\/media?parent=11260"}],"wp:term":[{"taxonomy":"category","embeddable":true,"href":"https:\/\/przedszkole18.edu.wroclaw.pl\/index.php\/wp-json\/wp\/v2\/categories?post=11260"},{"taxonomy":"post_tag","embeddable":true,"href":"https:\/\/przedszkole18.edu.wroclaw.pl\/index.php\/wp-json\/wp\/v2\/tags?post=11260"}],"curies":[{"name":"wp","href":"https:\/\/api.w.org\/{rel}","templated":true}]}}