
{"id":11295,"date":"2024-08-16T10:24:47","date_gmt":"2024-08-16T08:24:47","guid":{"rendered":"https:\/\/przedszkole18.edu.wroclaw.pl\/?p=11295"},"modified":"2024-08-16T10:32:37","modified_gmt":"2024-08-16T08:32:37","slug":"organizacja-nowego-roku-szkolnego-2024-2025","status":"publish","type":"post","link":"https:\/\/przedszkole18.edu.wroclaw.pl\/index.php\/2024\/08\/16\/organizacja-nowego-roku-szkolnego-2024-2025\/","title":{"rendered":"Rok Szkolny  2024\/2025"},"content":{"rendered":"<p><span style=\"color: #000080;font-size: 14pt\"><strong>Kilka wa\u017cnych informacji dla wszystkich Pa\u0144stwa !\u00a0 <\/strong><\/span><\/p>\n<p><span style=\"color: #000080;font-size: 14pt\"><strong>Nowy rok szkolny to nowe dokumenty, kt\u00f3re zobowi\u0105zani jeste\u015bcie Pa\u0144stwo, dostarczy\u0107 do przedszkola w pierwszy dzie\u0144 pobytu dziecka w plac\u00f3wce. Bardzo prosz\u0119 o pobranie ze strony, wype\u0142nienie\u00a0 i z\u0142o\u017cenie w skrzynce przygotowanej w holu plac\u00f3wki.\u00a0<\/strong> <\/span><\/p>\n<p><a href=\"https:\/\/przedszkole18.edu.wroclaw.pl\/wp-content\/uploads\/sites\/36\/2024\/08\/Deklaracja-pobytu-dziecka-w-P-18.-2024-25-doc.doc\">Deklaracja pobytu dziecka w P-18. 2024-25 doc<\/a><\/p>\n<p><a href=\"https:\/\/przedszkole18.edu.wroclaw.pl\/wp-content\/uploads\/sites\/36\/2024\/08\/Zal.-9.-Karta-do-odbioru-dziecka-z-przedszkola.docx\">Za\u0142. 9. Karta do odbioru dziecka z przedszkola<\/a><\/p>\n<p><a href=\"https:\/\/przedszkole18.edu.wroclaw.pl\/wp-content\/uploads\/sites\/36\/2024\/08\/Zgoda-na-wizerunek-2024-25-.docx\">Zgoda na wizerunek 2024-25<\/a><\/p>\n<p><a href=\"https:\/\/przedszkole18.edu.wroclaw.pl\/wp-content\/uploads\/sites\/36\/2024\/08\/Wniosek-o-zwolnienie-z-oplaty-3-dzieci-.doc\">Wniosek o zwolnienie z op\u0142aty 3 dzieci<\/a><\/p>\n<p><span style=\"font-size: 14pt\"><strong><span style=\"color: #003366\">Zgodnie z Uchwa\u0142\u0105 Rady Miejskiej Wroc\u0142awia zmiana w op\u0142acie:<\/span> <\/strong><\/span><\/p>\n<p><a href=\"https:\/\/przedszkole18.edu.wroclaw.pl\/wp-content\/uploads\/sites\/36\/2024\/08\/UCHWALA-RADY-MIEJSKIEJ-WROCLAWIA-.pdf\">UCHWA\u0141A RADY MIEJSKIEJ WROC\u0141AWIA<\/a><\/p>\n","protected":false},"excerpt":{"rendered":"<p>Kilka wa\u017cnych informacji dla wszystkich Pa\u0144stwa !\u00a0 Nowy rok szkolny to nowe dokumenty, kt\u00f3re zobowi\u0105zani jeste\u015bcie Pa\u0144stwo, dostarczy\u0107 do przedszkola w pierwszy dzie\u0144 pobytu dziecka w plac\u00f3wce. Bardzo prosz\u0119 o [&hellip;]<\/p>\n","protected":false},"author":115,"featured_media":11289,"comment_status":"closed","ping_status":"closed","sticky":false,"template":"","format":"standard","meta":{"ngg_post_thumbnail":0,"footnotes":""},"categories":[3],"tags":[],"class_list":["post-11295","post","type-post","status-publish","format-standard","has-post-thumbnail","hentry","category-aktualnosci","clearfix"],"_links":{"self":[{"href":"https:\/\/przedszkole18.edu.wroclaw.pl\/index.php\/wp-json\/wp\/v2\/posts\/11295","targetHints":{"allow":["GET"]}}],"collection":[{"href":"https:\/\/przedszkole18.edu.wroclaw.pl\/index.php\/wp-json\/wp\/v2\/posts"}],"about":[{"href":"https:\/\/przedszkole18.edu.wroclaw.pl\/index.php\/wp-json\/wp\/v2\/types\/post"}],"author":[{"embeddable":true,"href":"https:\/\/przedszkole18.edu.wroclaw.pl\/index.php\/wp-json\/wp\/v2\/users\/115"}],"replies":[{"embeddable":true,"href":"https:\/\/przedszkole18.edu.wroclaw.pl\/index.php\/wp-json\/wp\/v2\/comments?post=11295"}],"version-history":[{"count":5,"href":"https:\/\/przedszkole18.edu.wroclaw.pl\/index.php\/wp-json\/wp\/v2\/posts\/11295\/revisions"}],"predecessor-version":[{"id":11303,"href":"https:\/\/przedszkole18.edu.wroclaw.pl\/index.php\/wp-json\/wp\/v2\/posts\/11295\/revisions\/11303"}],"wp:featuredmedia":[{"embeddable":true,"href":"https:\/\/przedszkole18.edu.wroclaw.pl\/index.php\/wp-json\/wp\/v2\/media\/11289"}],"wp:attachment":[{"href":"https:\/\/przedszkole18.edu.wroclaw.pl\/index.php\/wp-json\/wp\/v2\/media?parent=11295"}],"wp:term":[{"taxonomy":"category","embeddable":true,"href":"https:\/\/przedszkole18.edu.wroclaw.pl\/index.php\/wp-json\/wp\/v2\/categories?post=11295"},{"taxonomy":"post_tag","embeddable":true,"href":"https:\/\/przedszkole18.edu.wroclaw.pl\/index.php\/wp-json\/wp\/v2\/tags?post=11295"}],"curies":[{"name":"wp","href":"https:\/\/api.w.org\/{rel}","templated":true}]}}