
{"id":11306,"date":"2024-08-16T10:57:40","date_gmt":"2024-08-16T08:57:40","guid":{"rendered":"https:\/\/przedszkole18.edu.wroclaw.pl\/?p=11306"},"modified":"2024-08-16T10:57:40","modified_gmt":"2024-08-16T08:57:40","slug":"nowi-wychowankowie-3","status":"publish","type":"post","link":"https:\/\/przedszkole18.edu.wroclaw.pl\/index.php\/2024\/08\/16\/nowi-wychowankowie-3\/","title":{"rendered":"Nowi wychowankowie!"},"content":{"rendered":"<p><span style=\"font-size: 14pt;color: #000080\"><strong>Zapraszamy rodzic\u00f3w nowych wychowank\u00f3w,\u00a0 na zebranie organizacyjne w dniu 28.08.2024 roku,\u00a0 godzina 16.30 w sali grupy I\u00a0 <\/strong><\/span><\/p>\n<p><span style=\"font-size: 14pt;color: #000080\"><strong>Tego dnia,\u00a0 mog\u0105 Pa\u0144stwo z\u0142o\u017cy\u0107 obowi\u0105zuj\u0105ce na\u00a0 roku szkolny 2024\/2025 dokumenty. Zapraszamy serdecznie. <\/strong><\/span><\/p>\n<p><span style=\"font-size: 12pt;color: #000080\"><a href=\"https:\/\/przedszkole18.edu.wroclaw.pl\/wp-content\/uploads\/sites\/36\/2024\/08\/Deklaracja-pobytu-dziecka-w-P-18.-2024-25-doc.doc\">Deklaracja pobytu dziecka w P-18. 2024-25 doc<\/a><\/span><\/p>\n<p><span style=\"font-size: 12pt;color: #000080\"><a href=\"https:\/\/przedszkole18.edu.wroclaw.pl\/wp-content\/uploads\/sites\/36\/2024\/08\/Zal.-9.-Karta-do-odbioru-dziecka-z-przedszkola.docx\">Za\u0142. 9. Karta do odbioru dziecka z przedszkola<\/a><\/span><\/p>\n<p><span style=\"font-size: 12pt;color: #000080\"><a href=\"https:\/\/przedszkole18.edu.wroclaw.pl\/wp-content\/uploads\/sites\/36\/2024\/08\/Zgoda-na-wizerunek-2024-25-.docx\">Zgoda na wizerunek 2024-25<\/a><\/span><\/p>\n<p><span style=\"font-size: 12pt;color: #000080\"><a href=\"https:\/\/przedszkole18.edu.wroclaw.pl\/wp-content\/uploads\/sites\/36\/2024\/08\/Wniosek-o-zwolnienie-z-oplaty-3-dzieci-.doc\">Wniosek o zwolnienie z op\u0142aty 3 dzieci<\/a>\u00a0 <\/span><\/p>\n","protected":false},"excerpt":{"rendered":"<p>Zapraszamy rodzic\u00f3w nowych wychowank\u00f3w,\u00a0 na zebranie organizacyjne w dniu 28.08.2024 roku,\u00a0 godzina 16.30 w sali grupy I\u00a0 Tego dnia,\u00a0 mog\u0105 Pa\u0144stwo z\u0142o\u017cy\u0107 obowi\u0105zuj\u0105ce na\u00a0 roku szkolny 2024\/2025 dokumenty. Zapraszamy serdecznie. [&hellip;]<\/p>\n","protected":false},"author":115,"featured_media":11294,"comment_status":"closed","ping_status":"closed","sticky":false,"template":"","format":"standard","meta":{"ngg_post_thumbnail":0,"footnotes":""},"categories":[3],"tags":[],"class_list":["post-11306","post","type-post","status-publish","format-standard","has-post-thumbnail","hentry","category-aktualnosci","clearfix"],"_links":{"self":[{"href":"https:\/\/przedszkole18.edu.wroclaw.pl\/index.php\/wp-json\/wp\/v2\/posts\/11306","targetHints":{"allow":["GET"]}}],"collection":[{"href":"https:\/\/przedszkole18.edu.wroclaw.pl\/index.php\/wp-json\/wp\/v2\/posts"}],"about":[{"href":"https:\/\/przedszkole18.edu.wroclaw.pl\/index.php\/wp-json\/wp\/v2\/types\/post"}],"author":[{"embeddable":true,"href":"https:\/\/przedszkole18.edu.wroclaw.pl\/index.php\/wp-json\/wp\/v2\/users\/115"}],"replies":[{"embeddable":true,"href":"https:\/\/przedszkole18.edu.wroclaw.pl\/index.php\/wp-json\/wp\/v2\/comments?post=11306"}],"version-history":[{"count":1,"href":"https:\/\/przedszkole18.edu.wroclaw.pl\/index.php\/wp-json\/wp\/v2\/posts\/11306\/revisions"}],"predecessor-version":[{"id":11307,"href":"https:\/\/przedszkole18.edu.wroclaw.pl\/index.php\/wp-json\/wp\/v2\/posts\/11306\/revisions\/11307"}],"wp:featuredmedia":[{"embeddable":true,"href":"https:\/\/przedszkole18.edu.wroclaw.pl\/index.php\/wp-json\/wp\/v2\/media\/11294"}],"wp:attachment":[{"href":"https:\/\/przedszkole18.edu.wroclaw.pl\/index.php\/wp-json\/wp\/v2\/media?parent=11306"}],"wp:term":[{"taxonomy":"category","embeddable":true,"href":"https:\/\/przedszkole18.edu.wroclaw.pl\/index.php\/wp-json\/wp\/v2\/categories?post=11306"},{"taxonomy":"post_tag","embeddable":true,"href":"https:\/\/przedszkole18.edu.wroclaw.pl\/index.php\/wp-json\/wp\/v2\/tags?post=11306"}],"curies":[{"name":"wp","href":"https:\/\/api.w.org\/{rel}","templated":true}]}}