
{"id":11312,"date":"2024-09-02T17:16:56","date_gmt":"2024-09-02T15:16:56","guid":{"rendered":"https:\/\/przedszkole18.edu.wroclaw.pl\/?p=11312"},"modified":"2024-09-02T17:16:56","modified_gmt":"2024-09-02T15:16:56","slug":"witamy-po-wakacjach-2","status":"publish","type":"post","link":"https:\/\/przedszkole18.edu.wroclaw.pl\/index.php\/2024\/09\/02\/witamy-po-wakacjach-2\/","title":{"rendered":"Witamy po wakacjach!"},"content":{"rendered":"<p><span style=\"color: #003366\"><em><strong>Szanowni Pa\u0144stwo! <\/strong><\/em><\/span><\/p>\n<p><span style=\"color: #003366\"><em><strong>Prosz\u0119 o uzupe\u0142nienie dokument\u00f3w, kt\u00f3re obowi\u0105zuj\u0105 rodzic\u00f3w\u00a0 wszystkich grup. Rok rocznie sk\u0142adamy nowe dokumenty ! <\/strong><\/em><\/span><\/p>\n<p><span style=\"color: #003366\"><em><strong>Zebrania organizacyjne. Obecno\u015b\u0107 obowi\u0105zkowa. <\/strong><\/em><\/span><\/p>\n<p><span style=\"color: #003366\"><em><strong>Grupa IV &#8211; 4.09.2024 \/\u015broda\/ godzina 16.00 <\/strong><\/em><\/span><\/p>\n<p><span style=\"color: #003366\"><em><strong>Grupa III &#8211; 05.09.2024 \/czwartek\/ godzina 16.00 <\/strong><\/em><\/span><\/p>\n<p><span style=\"color: #003366\"><em><strong>Do zobaczenia na zebraniu.<\/strong> <\/em><\/span><\/p>\n","protected":false},"excerpt":{"rendered":"<p>Szanowni Pa\u0144stwo! Prosz\u0119 o uzupe\u0142nienie dokument\u00f3w, kt\u00f3re obowi\u0105zuj\u0105 rodzic\u00f3w\u00a0 wszystkich grup. Rok rocznie sk\u0142adamy nowe dokumenty ! Zebrania organizacyjne. Obecno\u015b\u0107 obowi\u0105zkowa. Grupa IV &#8211; 4.09.2024 \/\u015broda\/ godzina 16.00 Grupa III [&hellip;]<\/p>\n","protected":false},"author":115,"featured_media":11286,"comment_status":"closed","ping_status":"closed","sticky":false,"template":"","format":"standard","meta":{"ngg_post_thumbnail":0,"footnotes":""},"categories":[3],"tags":[],"class_list":["post-11312","post","type-post","status-publish","format-standard","has-post-thumbnail","hentry","category-aktualnosci","clearfix"],"_links":{"self":[{"href":"https:\/\/przedszkole18.edu.wroclaw.pl\/index.php\/wp-json\/wp\/v2\/posts\/11312","targetHints":{"allow":["GET"]}}],"collection":[{"href":"https:\/\/przedszkole18.edu.wroclaw.pl\/index.php\/wp-json\/wp\/v2\/posts"}],"about":[{"href":"https:\/\/przedszkole18.edu.wroclaw.pl\/index.php\/wp-json\/wp\/v2\/types\/post"}],"author":[{"embeddable":true,"href":"https:\/\/przedszkole18.edu.wroclaw.pl\/index.php\/wp-json\/wp\/v2\/users\/115"}],"replies":[{"embeddable":true,"href":"https:\/\/przedszkole18.edu.wroclaw.pl\/index.php\/wp-json\/wp\/v2\/comments?post=11312"}],"version-history":[{"count":1,"href":"https:\/\/przedszkole18.edu.wroclaw.pl\/index.php\/wp-json\/wp\/v2\/posts\/11312\/revisions"}],"predecessor-version":[{"id":11313,"href":"https:\/\/przedszkole18.edu.wroclaw.pl\/index.php\/wp-json\/wp\/v2\/posts\/11312\/revisions\/11313"}],"wp:featuredmedia":[{"embeddable":true,"href":"https:\/\/przedszkole18.edu.wroclaw.pl\/index.php\/wp-json\/wp\/v2\/media\/11286"}],"wp:attachment":[{"href":"https:\/\/przedszkole18.edu.wroclaw.pl\/index.php\/wp-json\/wp\/v2\/media?parent=11312"}],"wp:term":[{"taxonomy":"category","embeddable":true,"href":"https:\/\/przedszkole18.edu.wroclaw.pl\/index.php\/wp-json\/wp\/v2\/categories?post=11312"},{"taxonomy":"post_tag","embeddable":true,"href":"https:\/\/przedszkole18.edu.wroclaw.pl\/index.php\/wp-json\/wp\/v2\/tags?post=11312"}],"curies":[{"name":"wp","href":"https:\/\/api.w.org\/{rel}","templated":true}]}}