
{"id":11324,"date":"2024-09-07T13:02:13","date_gmt":"2024-09-07T11:02:13","guid":{"rendered":"https:\/\/przedszkole18.edu.wroclaw.pl\/?p=11324"},"modified":"2024-09-07T13:02:13","modified_gmt":"2024-09-07T11:02:13","slug":"wazne-33","status":"publish","type":"post","link":"https:\/\/przedszkole18.edu.wroclaw.pl\/index.php\/2024\/09\/07\/wazne-33\/","title":{"rendered":"Wa\u017cne!"},"content":{"rendered":"<p><span style=\"font-size: 14pt;color: #333399\"><em><strong>Drodzy rodzice! <\/strong><\/em><\/span><\/p>\n<p><span style=\"font-size: 14pt;color: #333399\"><em><strong>Je\u017celi kto\u015b z Pa\u0144stwa, nie uzupe\u0142ni\u0107 jeszcze dokument\u00f3w zwi\u0105zanych z pobytem dzieci w plac\u00f3wce, prosz\u0119 o niezw\u0142oczne dope\u0142nienie tego obowi\u0105zku. <\/strong><\/em><\/span><span style=\"font-size: 14pt;color: #333399\"><em><strong>Rozpocz\u0119cie nowego roku szkolnego w pierwszych jego dniach, wydaje si\u0119 by\u0107 bardzo proste i ma\u0142o skomplikowane, ale nic bardziej mylnego moi drodzy.<\/strong><\/em><\/span><span style=\"font-size: 14pt;color: #333399\"><em><strong> Sprawy zwi\u0105zane z obowi\u0105zuj\u0105cymi procedurami i przepisami prawa, a\u00a0 przed wszystkim bezpiecze\u0144stwem dzieci ma ogromne znaczenie dla nas wszystkich. Prosz\u0119 zatem o uzupe\u0142nienie potrzebnych dokument\u00f3w. <\/strong><\/em><\/span><\/p>\n<p><span style=\"font-size: 14pt;color: #333399\"><em><strong>Jeste\u015bmy w trakcie modernizacji strony internetowej, kt\u00f3r\u0105 w du\u017cej mierze obs\u0142uguje CUI co nie u\u0142atwia,\u00a0 a raczej utrudnia z uwagi na wielu klient\u00f3w, obs\u0142ugiwanych przez t\u0119 instytucj\u0119. Dajmy sobie zatem chwil\u0119 na uporz\u0105dkowanie tego tematu. <\/strong><\/em><\/span><\/p>\n<p><span style=\"font-size: 14pt;color: #008000\"><em><strong>\u017bycz\u0119 Wszystkim dzieciom, rodzicom i pracownikom, udanego i spokojnego roku, pe\u0142nego zrozumienia dla trudnych sytuacji, wiary w to, \u017ce da si\u0119 je rozwi\u0105za\u0107. Wszyscy przecie\u017c mamy jeden cel, dobro i bezpiecze\u0144stwo dzieci. <\/strong><\/em><\/span><\/p>\n<p><span style=\"font-size: 14pt;color: #008000\"><em><strong>Pozdrawiam serdecznie. <span style=\"font-size: 12pt;color: #666699\">Dyrektor plac\u00f3wki Lidia Walczak-I\u017cycka<\/span><\/strong> <\/em><\/span><\/p>\n","protected":false},"excerpt":{"rendered":"<p>Drodzy rodzice! Je\u017celi kto\u015b z Pa\u0144stwa, nie uzupe\u0142ni\u0107 jeszcze dokument\u00f3w zwi\u0105zanych z pobytem dzieci w plac\u00f3wce, prosz\u0119 o niezw\u0142oczne dope\u0142nienie tego obowi\u0105zku. Rozpocz\u0119cie nowego roku szkolnego w pierwszych jego dniach, [&hellip;]<\/p>\n","protected":false},"author":115,"featured_media":11290,"comment_status":"closed","ping_status":"closed","sticky":false,"template":"","format":"standard","meta":{"ngg_post_thumbnail":0,"footnotes":""},"categories":[3,1],"tags":[],"class_list":["post-11324","post","type-post","status-publish","format-standard","has-post-thumbnail","hentry","category-aktualnosci","category-bez-kategorii","clearfix"],"_links":{"self":[{"href":"https:\/\/przedszkole18.edu.wroclaw.pl\/index.php\/wp-json\/wp\/v2\/posts\/11324","targetHints":{"allow":["GET"]}}],"collection":[{"href":"https:\/\/przedszkole18.edu.wroclaw.pl\/index.php\/wp-json\/wp\/v2\/posts"}],"about":[{"href":"https:\/\/przedszkole18.edu.wroclaw.pl\/index.php\/wp-json\/wp\/v2\/types\/post"}],"author":[{"embeddable":true,"href":"https:\/\/przedszkole18.edu.wroclaw.pl\/index.php\/wp-json\/wp\/v2\/users\/115"}],"replies":[{"embeddable":true,"href":"https:\/\/przedszkole18.edu.wroclaw.pl\/index.php\/wp-json\/wp\/v2\/comments?post=11324"}],"version-history":[{"count":2,"href":"https:\/\/przedszkole18.edu.wroclaw.pl\/index.php\/wp-json\/wp\/v2\/posts\/11324\/revisions"}],"predecessor-version":[{"id":11326,"href":"https:\/\/przedszkole18.edu.wroclaw.pl\/index.php\/wp-json\/wp\/v2\/posts\/11324\/revisions\/11326"}],"wp:featuredmedia":[{"embeddable":true,"href":"https:\/\/przedszkole18.edu.wroclaw.pl\/index.php\/wp-json\/wp\/v2\/media\/11290"}],"wp:attachment":[{"href":"https:\/\/przedszkole18.edu.wroclaw.pl\/index.php\/wp-json\/wp\/v2\/media?parent=11324"}],"wp:term":[{"taxonomy":"category","embeddable":true,"href":"https:\/\/przedszkole18.edu.wroclaw.pl\/index.php\/wp-json\/wp\/v2\/categories?post=11324"},{"taxonomy":"post_tag","embeddable":true,"href":"https:\/\/przedszkole18.edu.wroclaw.pl\/index.php\/wp-json\/wp\/v2\/tags?post=11324"}],"curies":[{"name":"wp","href":"https:\/\/api.w.org\/{rel}","templated":true}]}}