
{"id":11399,"date":"2024-09-23T14:02:30","date_gmt":"2024-09-23T12:02:30","guid":{"rendered":"https:\/\/przedszkole18.edu.wroclaw.pl\/?p=11399"},"modified":"2024-09-23T14:02:30","modified_gmt":"2024-09-23T12:02:30","slug":"wycieczka-grupy-iv-iii","status":"publish","type":"post","link":"https:\/\/przedszkole18.edu.wroclaw.pl\/index.php\/2024\/09\/23\/wycieczka-grupy-iv-iii\/","title":{"rendered":"Wycieczka grupy IV, III"},"content":{"rendered":"<p><span style=\"font-size: 14pt;color: #008000\"><em><strong>Szanowni Pa\u0144stwo.<\/strong><\/em><\/span><\/p>\n<p><span style=\"font-size: 14pt;color: #0000ff\"><em><strong>Zgodnie z wcze\u015bniejszymi zapowiedziami, zapraszamy dzieci z grupy IV i III na wycieczk\u0119 zorganizowan\u0105 przy wsp\u00f3\u0142pracy z LOP. Odwiedzimy Nadle\u015bnictwo \u015awidnica poznaj\u0105c jego atrakcje .<\/strong><\/em><\/span><\/p>\n<p><span style=\"font-size: 14pt;color: #008000\"><em><strong><span style=\"color: #0000ff\">Wycieczka 26.09.2024.<\/span> Zapewniamy dzieciom suchy prowiant w postaci kanapek i owoc\u00f3w.\u00a0 <\/strong><\/em><\/span><\/p>\n<p><span style=\"font-size: 14pt;color: #800080\"><em><strong> Wyjazd godzina 8.30<span style=\"color: #008000\">\/\u015bniadanie 8.00\/<\/span><\/strong><\/em><\/span><\/p>\n<p><span style=\"font-size: 14pt;color: #800080\"><em><strong>Powr\u00f3t godzina 14.30 <span style=\"color: #008000\">\/wracamy na 2 danie\/<\/span><\/strong><\/em><\/span><\/p>\n<p><span style=\"font-size: 14pt;color: #0000ff\"><em><strong> Prosimy o przygotowanie dzieci &#8211; ma\u0142y plecak &#8211; woda &#8211; drobna przek\u0105ska np. ciasteczka bez czekolady!\/<\/strong><\/em><\/span><\/p>\n<p><span style=\"font-size: 14pt;color: #008000\"><em><strong><span style=\"color: #0000ff\">Bardzo prosimy o wygodne i pe\u0142ne obuwie, odwiedzimy le\u015bne polany i szk\u00f3\u0142k\u0119 le\u015bn\u0105.<\/span> <\/strong><\/em><\/span><\/p>\n<p><span style=\"font-size: 14pt;color: #008000\"><em><strong>\u017byczymy wszystkim udanej zabawy i ciekawych prze\u017cy\u0107. <\/strong><\/em><\/span><\/p>\n<p>&nbsp;<\/p>\n","protected":false},"excerpt":{"rendered":"<p>Szanowni Pa\u0144stwo. Zgodnie z wcze\u015bniejszymi zapowiedziami, zapraszamy dzieci z grupy IV i III na wycieczk\u0119 zorganizowan\u0105 przy wsp\u00f3\u0142pracy z LOP. Odwiedzimy Nadle\u015bnictwo \u015awidnica poznaj\u0105c jego atrakcje . Wycieczka 26.09.2024. Zapewniamy [&hellip;]<\/p>\n","protected":false},"author":115,"featured_media":11290,"comment_status":"closed","ping_status":"closed","sticky":false,"template":"","format":"standard","meta":{"ngg_post_thumbnail":0,"footnotes":""},"categories":[3],"tags":[],"class_list":["post-11399","post","type-post","status-publish","format-standard","has-post-thumbnail","hentry","category-aktualnosci","clearfix"],"_links":{"self":[{"href":"https:\/\/przedszkole18.edu.wroclaw.pl\/index.php\/wp-json\/wp\/v2\/posts\/11399","targetHints":{"allow":["GET"]}}],"collection":[{"href":"https:\/\/przedszkole18.edu.wroclaw.pl\/index.php\/wp-json\/wp\/v2\/posts"}],"about":[{"href":"https:\/\/przedszkole18.edu.wroclaw.pl\/index.php\/wp-json\/wp\/v2\/types\/post"}],"author":[{"embeddable":true,"href":"https:\/\/przedszkole18.edu.wroclaw.pl\/index.php\/wp-json\/wp\/v2\/users\/115"}],"replies":[{"embeddable":true,"href":"https:\/\/przedszkole18.edu.wroclaw.pl\/index.php\/wp-json\/wp\/v2\/comments?post=11399"}],"version-history":[{"count":1,"href":"https:\/\/przedszkole18.edu.wroclaw.pl\/index.php\/wp-json\/wp\/v2\/posts\/11399\/revisions"}],"predecessor-version":[{"id":11400,"href":"https:\/\/przedszkole18.edu.wroclaw.pl\/index.php\/wp-json\/wp\/v2\/posts\/11399\/revisions\/11400"}],"wp:featuredmedia":[{"embeddable":true,"href":"https:\/\/przedszkole18.edu.wroclaw.pl\/index.php\/wp-json\/wp\/v2\/media\/11290"}],"wp:attachment":[{"href":"https:\/\/przedszkole18.edu.wroclaw.pl\/index.php\/wp-json\/wp\/v2\/media?parent=11399"}],"wp:term":[{"taxonomy":"category","embeddable":true,"href":"https:\/\/przedszkole18.edu.wroclaw.pl\/index.php\/wp-json\/wp\/v2\/categories?post=11399"},{"taxonomy":"post_tag","embeddable":true,"href":"https:\/\/przedszkole18.edu.wroclaw.pl\/index.php\/wp-json\/wp\/v2\/tags?post=11399"}],"curies":[{"name":"wp","href":"https:\/\/api.w.org\/{rel}","templated":true}]}}