
{"id":11422,"date":"2024-09-27T18:07:44","date_gmt":"2024-09-27T16:07:44","guid":{"rendered":"https:\/\/przedszkole18.edu.wroclaw.pl\/?p=11422"},"modified":"2024-09-27T18:08:59","modified_gmt":"2024-09-27T16:08:59","slug":"informacyjnie-3","status":"publish","type":"post","link":"https:\/\/przedszkole18.edu.wroclaw.pl\/index.php\/2024\/09\/27\/informacyjnie-3\/","title":{"rendered":"Informacyjnie."},"content":{"rendered":"<p><span style=\"font-size: 14pt;color: #003366\"><em><strong>Szanowni Pa\u0144stwo<\/strong><\/em><\/span><\/p>\n<p><span style=\"font-size: 14pt;color: #003366\"><em><strong>25 wrze\u015bnia 2024 r., odby\u0142o si\u0119 pierwsze spotkanie Rady Rodzic\u00f3w, na kt\u00f3rym przedyskutowano kilka wa\u017cnych temat\u00f3w,\u00a0 prosz\u0119 o zapoznanie si\u0119 z informacj\u0105 zak\u0142adka &#8211; Dla rodzic\u00f3w\u00a0 &#8211; Rada Rodzic\u00f3w.<\/strong><\/em><\/span><\/p>\n","protected":false},"excerpt":{"rendered":"<p>Szanowni Pa\u0144stwo 25 wrze\u015bnia 2024 r., odby\u0142o si\u0119 pierwsze spotkanie Rady Rodzic\u00f3w, na kt\u00f3rym przedyskutowano kilka wa\u017cnych temat\u00f3w,\u00a0 prosz\u0119 o zapoznanie si\u0119 z informacj\u0105 zak\u0142adka &#8211; Dla rodzic\u00f3w\u00a0 &#8211; Rada [&hellip;]<\/p>\n","protected":false},"author":115,"featured_media":11289,"comment_status":"closed","ping_status":"closed","sticky":false,"template":"","format":"standard","meta":{"ngg_post_thumbnail":0,"footnotes":""},"categories":[3],"tags":[],"class_list":["post-11422","post","type-post","status-publish","format-standard","has-post-thumbnail","hentry","category-aktualnosci","clearfix"],"_links":{"self":[{"href":"https:\/\/przedszkole18.edu.wroclaw.pl\/index.php\/wp-json\/wp\/v2\/posts\/11422","targetHints":{"allow":["GET"]}}],"collection":[{"href":"https:\/\/przedszkole18.edu.wroclaw.pl\/index.php\/wp-json\/wp\/v2\/posts"}],"about":[{"href":"https:\/\/przedszkole18.edu.wroclaw.pl\/index.php\/wp-json\/wp\/v2\/types\/post"}],"author":[{"embeddable":true,"href":"https:\/\/przedszkole18.edu.wroclaw.pl\/index.php\/wp-json\/wp\/v2\/users\/115"}],"replies":[{"embeddable":true,"href":"https:\/\/przedszkole18.edu.wroclaw.pl\/index.php\/wp-json\/wp\/v2\/comments?post=11422"}],"version-history":[{"count":3,"href":"https:\/\/przedszkole18.edu.wroclaw.pl\/index.php\/wp-json\/wp\/v2\/posts\/11422\/revisions"}],"predecessor-version":[{"id":11425,"href":"https:\/\/przedszkole18.edu.wroclaw.pl\/index.php\/wp-json\/wp\/v2\/posts\/11422\/revisions\/11425"}],"wp:featuredmedia":[{"embeddable":true,"href":"https:\/\/przedszkole18.edu.wroclaw.pl\/index.php\/wp-json\/wp\/v2\/media\/11289"}],"wp:attachment":[{"href":"https:\/\/przedszkole18.edu.wroclaw.pl\/index.php\/wp-json\/wp\/v2\/media?parent=11422"}],"wp:term":[{"taxonomy":"category","embeddable":true,"href":"https:\/\/przedszkole18.edu.wroclaw.pl\/index.php\/wp-json\/wp\/v2\/categories?post=11422"},{"taxonomy":"post_tag","embeddable":true,"href":"https:\/\/przedszkole18.edu.wroclaw.pl\/index.php\/wp-json\/wp\/v2\/tags?post=11422"}],"curies":[{"name":"wp","href":"https:\/\/api.w.org\/{rel}","templated":true}]}}