
{"id":1150,"date":"2020-04-09T11:57:13","date_gmt":"2020-04-09T09:57:13","guid":{"rendered":"https:\/\/przedszkole18.edu.wroclaw.pl\/?p=1150"},"modified":"2020-04-09T12:39:52","modified_gmt":"2020-04-09T10:39:52","slug":"kontakt-mailowy-do-wszystkich-grup","status":"publish","type":"post","link":"https:\/\/przedszkole18.edu.wroclaw.pl\/index.php\/2020\/04\/09\/kontakt-mailowy-do-wszystkich-grup\/","title":{"rendered":"Kontakt mailowy do wszystkich grup"},"content":{"rendered":"<p style=\"text-align: center\"><strong><span style=\"color: #ff6600;font-size: 24pt\">Prosimy Pa\u0144stwa o przegl\u0105danie nie tylko aktualno\u015bci ale r\u00f3wnie\u017c zagl\u0105danie do zak\u0142adki grupy swojego dziecka (nale\u017cy najecha\u0107 myszk\u0105 na napis &#8222;grupy&#8221; po czym rozwinie si\u0119 lista grup nast\u0119pnie klikamy na odpowiedni\u0105\u00a0 grup\u0119) tam s\u0105 udost\u0119pniane materia\u0142y przez nauczycieli z tematyk\u0105 tygodniow\u0105 oraz \u0107wiczeniami i zabawami do wykonania w domu.<\/span><\/strong><\/p>\n<p>&nbsp;<\/p>\n<p>&nbsp;<\/p>\n<p style=\"text-align: center\"><span style=\"color: #ff0000;font-size: 18pt\"><strong>Szanowni Pa\u0144stwo, ze wzgl\u0119du na potrzeb\u0119 wsp\u00f3lnego kontaktu ka\u017cda grupa za\u0142o\u017cy\u0142a maila aby Pa\u0144stwo w razie pyta\u0144 lub w\u0105tpliwo\u015bci mogli komunikowa\u0107 si\u0119 bezpo\u015brednio z nauczycielkami.<\/strong><\/span><\/p>\n<p>&nbsp;<\/p>\n<p><strong><span style=\"font-size: 14pt\">O to lista maili do poszczeg\u00f3lnych grup:<\/span><\/strong><\/p>\n<p><span style=\"font-size: 14pt\"><strong>Grupa I<\/strong> <a href=\"mailto:p.dana@wp.pl\">p.dana@wp.pl<\/a><\/span><\/p>\n<p>&nbsp;<\/p>\n<p><span style=\"font-size: 14pt\"><strong>Grupa II<\/strong> <a href=\"mailto:jola.g.wiolinek@interia.pl\">jola.g.wiolinek@interia.pl<\/a><\/span><\/p>\n<p>&nbsp;<\/p>\n<p><span style=\"font-size: 14pt\"><strong>Grupa III<\/strong> <a href=\"mailto:ewa.przedszkole18@gmail.com\">ewa.przedszkole18@gmail.com<\/a><\/span><\/p>\n<p>&nbsp;<\/p>\n<p><span style=\"font-size: 14pt\"><strong>Grupa IIIa<\/strong> <a href=\"mailto:wiolinek2020@gmail.com\">wiolinek2020@gmail.com<\/a><\/span><\/p>\n<p>&nbsp;<\/p>\n<p><span style=\"font-size: 14pt\"><strong>Grupa IV<\/strong> <a href=\"mailto:paniklaudiawiolinek@gmail.com\"><span class=\"qu\" role=\"gridcell\"><span class=\"go\">paniklaudiawiolinek@gmail.com<\/span><\/span><\/a><\/span><\/p>\n<p>&nbsp;<\/p>\n<p><strong><span style=\"font-size: 14pt\">Grupa IVa <\/span><\/strong><a href=\"mailto:dzidkawiolinek@gmail.com\"><span style=\"font-size: 14pt\">dzidkawiolinek@gmail.com<\/span><\/a><\/p>\n<p>&nbsp;<\/p>\n<p><strong><span style=\"font-size: 14pt\">Pani logopeda Ma\u0142gorzata Michalska<\/span><\/strong><a href=\"mailto:logopeda.malgorzata@michalska.edu.pl\"><span style=\"font-size: 14pt\"> logopeda.malgorzata@michalska.edu.pl<\/span><\/a><\/p>\n<p>&nbsp;<\/p>\n<p>&nbsp;<\/p>\n<p style=\"text-align: center\"><strong><span style=\"font-size: 18pt\">Serdecznie zapraszamy do kontaktu, \u017cyczymy du\u017co zdrowia!<\/span><\/strong><\/p>\n<p>&nbsp;<\/p>\n","protected":false},"excerpt":{"rendered":"<p>Prosimy Pa\u0144stwa o przegl\u0105danie nie tylko aktualno\u015bci ale r\u00f3wnie\u017c zagl\u0105danie do zak\u0142adki grupy swojego dziecka (nale\u017cy najecha\u0107 myszk\u0105 na napis &#8222;grupy&#8221; po czym rozwinie si\u0119 lista grup nast\u0119pnie klikamy na [&hellip;]<\/p>\n","protected":false},"author":102,"featured_media":839,"comment_status":"closed","ping_status":"closed","sticky":false,"template":"","format":"standard","meta":{"ngg_post_thumbnail":0,"footnotes":""},"categories":[3],"tags":[],"class_list":["post-1150","post","type-post","status-publish","format-standard","has-post-thumbnail","hentry","category-aktualnosci","clearfix"],"_links":{"self":[{"href":"https:\/\/przedszkole18.edu.wroclaw.pl\/index.php\/wp-json\/wp\/v2\/posts\/1150","targetHints":{"allow":["GET"]}}],"collection":[{"href":"https:\/\/przedszkole18.edu.wroclaw.pl\/index.php\/wp-json\/wp\/v2\/posts"}],"about":[{"href":"https:\/\/przedszkole18.edu.wroclaw.pl\/index.php\/wp-json\/wp\/v2\/types\/post"}],"author":[{"embeddable":true,"href":"https:\/\/przedszkole18.edu.wroclaw.pl\/index.php\/wp-json\/wp\/v2\/users\/102"}],"replies":[{"embeddable":true,"href":"https:\/\/przedszkole18.edu.wroclaw.pl\/index.php\/wp-json\/wp\/v2\/comments?post=1150"}],"version-history":[{"count":4,"href":"https:\/\/przedszkole18.edu.wroclaw.pl\/index.php\/wp-json\/wp\/v2\/posts\/1150\/revisions"}],"predecessor-version":[{"id":1154,"href":"https:\/\/przedszkole18.edu.wroclaw.pl\/index.php\/wp-json\/wp\/v2\/posts\/1150\/revisions\/1154"}],"wp:featuredmedia":[{"embeddable":true,"href":"https:\/\/przedszkole18.edu.wroclaw.pl\/index.php\/wp-json\/wp\/v2\/media\/839"}],"wp:attachment":[{"href":"https:\/\/przedszkole18.edu.wroclaw.pl\/index.php\/wp-json\/wp\/v2\/media?parent=1150"}],"wp:term":[{"taxonomy":"category","embeddable":true,"href":"https:\/\/przedszkole18.edu.wroclaw.pl\/index.php\/wp-json\/wp\/v2\/categories?post=1150"},{"taxonomy":"post_tag","embeddable":true,"href":"https:\/\/przedszkole18.edu.wroclaw.pl\/index.php\/wp-json\/wp\/v2\/tags?post=1150"}],"curies":[{"name":"wp","href":"https:\/\/api.w.org\/{rel}","templated":true}]}}