
{"id":11518,"date":"2024-10-14T13:55:41","date_gmt":"2024-10-14T11:55:41","guid":{"rendered":"https:\/\/przedszkole18.edu.wroclaw.pl\/?p=11518"},"modified":"2024-10-14T13:56:20","modified_gmt":"2024-10-14T11:56:20","slug":"wazne-35","status":"publish","type":"post","link":"https:\/\/przedszkole18.edu.wroclaw.pl\/index.php\/2024\/10\/14\/wazne-35\/","title":{"rendered":"Wa\u017cne!"},"content":{"rendered":"<p><span style=\"font-size: 14pt;color: #003366\"><em><strong>Nowy rok szkolny obfituje w wa\u017cne zmiany, kt\u00f3re s\u0105 odpowiedzi\u0105 na Pa\u0144stwa oczekiwania. Tak\u0105 zmian\u0105 b\u0119dzie nowy fotograf. Pani Agata ma dla Pa\u0144stwa ciekawe propozycje, z kt\u00f3rych skorzysta\u0107 b\u0119dzie mo\u017cna ju\u017c 29 pa\u017adziernika. Planujemy sesj\u0119 fotograficzna, w kt\u00f3re udzia\u0142 mo\u017ce wzi\u0105\u0107 ka\u017cde ch\u0119tne dziecko. Zamieszam plakat &#8211; zach\u0119cam.<\/strong><\/em><\/span><\/p>\n<p><img loading=\"lazy\" decoding=\"async\" class=\"alignnone size-medium wp-image-11517\" src=\"https:\/\/przedszkole18.edu.wroclaw.pl\/wp-content\/uploads\/sites\/36\/2024\/10\/roboczy_n-300x300.jpg\" alt=\"\" width=\"300\" height=\"300\" \/><\/p>\n","protected":false},"excerpt":{"rendered":"<p>Nowy rok szkolny obfituje w wa\u017cne zmiany, kt\u00f3re s\u0105 odpowiedzi\u0105 na Pa\u0144stwa oczekiwania. Tak\u0105 zmian\u0105 b\u0119dzie nowy fotograf. Pani Agata ma dla Pa\u0144stwa ciekawe propozycje, z kt\u00f3rych skorzysta\u0107 b\u0119dzie mo\u017cna [&hellip;]<\/p>\n","protected":false},"author":115,"featured_media":0,"comment_status":"closed","ping_status":"closed","sticky":false,"template":"","format":"standard","meta":{"ngg_post_thumbnail":0,"footnotes":""},"categories":[3],"tags":[],"class_list":["post-11518","post","type-post","status-publish","format-standard","hentry","category-aktualnosci","clearfix"],"_links":{"self":[{"href":"https:\/\/przedszkole18.edu.wroclaw.pl\/index.php\/wp-json\/wp\/v2\/posts\/11518","targetHints":{"allow":["GET"]}}],"collection":[{"href":"https:\/\/przedszkole18.edu.wroclaw.pl\/index.php\/wp-json\/wp\/v2\/posts"}],"about":[{"href":"https:\/\/przedszkole18.edu.wroclaw.pl\/index.php\/wp-json\/wp\/v2\/types\/post"}],"author":[{"embeddable":true,"href":"https:\/\/przedszkole18.edu.wroclaw.pl\/index.php\/wp-json\/wp\/v2\/users\/115"}],"replies":[{"embeddable":true,"href":"https:\/\/przedszkole18.edu.wroclaw.pl\/index.php\/wp-json\/wp\/v2\/comments?post=11518"}],"version-history":[{"count":2,"href":"https:\/\/przedszkole18.edu.wroclaw.pl\/index.php\/wp-json\/wp\/v2\/posts\/11518\/revisions"}],"predecessor-version":[{"id":11520,"href":"https:\/\/przedszkole18.edu.wroclaw.pl\/index.php\/wp-json\/wp\/v2\/posts\/11518\/revisions\/11520"}],"wp:attachment":[{"href":"https:\/\/przedszkole18.edu.wroclaw.pl\/index.php\/wp-json\/wp\/v2\/media?parent=11518"}],"wp:term":[{"taxonomy":"category","embeddable":true,"href":"https:\/\/przedszkole18.edu.wroclaw.pl\/index.php\/wp-json\/wp\/v2\/categories?post=11518"},{"taxonomy":"post_tag","embeddable":true,"href":"https:\/\/przedszkole18.edu.wroclaw.pl\/index.php\/wp-json\/wp\/v2\/tags?post=11518"}],"curies":[{"name":"wp","href":"https:\/\/api.w.org\/{rel}","templated":true}]}}